{"id":7880,"date":"2019-03-08T15:29:40","date_gmt":"2019-03-08T15:29:40","guid":{"rendered":"http:\/\/femepa.org\/web\/?p=7880"},"modified":"2019-03-08T15:29:40","modified_gmt":"2019-03-08T15:29:40","slug":"femepa-y-la-fundacion-adecco-celebraron-ayer-el-dia-internacional-de-la-mujer","status":"publish","type":"post","link":"https:\/\/femepa.org\/web\/femepa-y-la-fundacion-adecco-celebraron-ayer-el-dia-internacional-de-la-mujer\/","title":{"rendered":"Femepa y Fundaci\u00f3n Adecco celebraron el D\u00eda Internacional de la Mujer"},"content":{"rendered":"<p>Con motivo del D\u00eda Internacional de la Mujer, Femepa celebr\u00f3 ayer junto a Fundaci\u00f3n Adecco, un acto en el que se cont\u00f3 con mujeres de varios sectores que participaron en dos mesas de di\u00e1logo.<\/p>\n<p>El acto fue inaugurado por el secretario general de Femepa, Don Juan Carlos Betancor, quien destac\u00f3 el compromiso de la entidad con la incorporaci\u00f3n de mujeres en un sector tan masculinizado como el del metal.<\/p>\n<p>Con posterioridad participaron en la mesa presidencial, D\u00f1a. Cristina Valido Garc\u00eda, consejera de Empleo, Pol\u00edticas Sociales y Vivienda del Gobierno de Canarias;\u00a0D. Francisco Candil Gonz\u00e1lez, viceconsejero de Pol\u00edticas Sociales y Vivienda del Gobierno de Canarias;\u00a0 D\u00f1a. Mar\u00eda Nebot Cabrera, consejera de Igualdad y Participaci\u00f3n Ciudadana del Cabildo de Gran Canaria;\u00a0D\u00f1a. Carmen Hern\u00e1ndez Jorge, alcaldesa del Ayuntamiento de Telde y D\u00f1a. Isabel Guill\u00e9n Izquierdo, coordinadora Regional de Fundaci\u00f3n Adecco.<\/p>\n<p>Todas sus intervenciones coincidieron en la necesidad de pol\u00edticas sociales que respalden la igualdad de oportunidades entre hombre y mujeres.<\/p>\n<p>Posteriormente comenz\u00f3 la primera mesa de debate con la participaci\u00f3n de\u00a0D\u00f1a. Sonia Mart\u00ednez Alcal\u00e1, directora de RRHH de Gloria Thalasso &amp; Hotels;\u00a0D\u00f1a. Gemma Tor, directora de Calidad y Comercial de Guaguas Municipales; D\u00f1a. Noelia Curbelo, jefa de Relaciones Institucionales de BINTER y D\u00f1a. Laura Dapresa Hern\u00e1ndez, secretaria General de ASINCA, quienes trataron la situaci\u00f3n de las empresas en la actualidad en relaci\u00f3n a la incorporaci\u00f3n de la mujer, as\u00ed como los retos y oportunidades que ello supone.<\/p>\n<p>En la segunda mesa de debate se cont\u00f3 con los testimonios de\u00a0D\u00f1a. Esther P\u00e9rez Verd\u00fa, gerente de NEMESYS; D\u00f1a. Mireia Marta Scholz D\u00edaz y D\u00f1a. Sara Revilla P\u00e1ez, integrantes de AdaLoveDev; D\u00f1a. Isabel Planells Chicharro, representando a Data Scientits; D\u00f1a. Elena S\u00e1nchez Liria, directora de RRHH de MHP y D\u00f1a. Cristelle Iorio, directora del CEIP Pintor N\u00e9stor LPGC. En esta ocasi\u00f3n se debati\u00f3 sobre la importancia de abordar la igualdad de g\u00e9nero desde la infancia con el objetivo de romper los clich\u00e9s que condicionan la elecci\u00f3n de profesiones.<\/p>\n<p>Cerr\u00f3 el acto\u00a0\u00a0D\u00f1a. Isabel Guill\u00e9n Izquierdo, Coordinadora Regional de Fundaci\u00f3n Adecco, quien expuso datos del informe de la Fundaci\u00f3n, visibilizando la gran dificultad que encuentran las mujeres en riesgo de exclusi\u00f3n social a la hora de encontrar empleo.<\/p>\n<p>Con este acto,\u00a0Femepa\u00a0 y Fundaci\u00f3n Adecco muestran un a\u00f1o m\u00e1s su compromiso con la igualdad entre hombres y mujeres.<\/p>\n<p>&nbsp;<\/p>\n<p>Puede <strong>ver el acto<\/strong>\u00a0en su totalidad en el siguiente enlace:\u00a0<a href=\"https:\/\/youtu.be\/DXlKqsAdz_M\">https:\/\/youtu.be\/DXlKqsAdz_M<\/a><\/p>\n<p>Tambi\u00e9n se puede visualizar el <strong>v\u00eddeo conmemorativo<\/strong> en:\u00a0<\/p>\n","protected":false},"excerpt":{"rendered":"<p>Con motivo del D\u00eda Internacional de la Mujer, Femepa celebr\u00f3 ayer junto a Fundaci\u00f3n Adecco, un acto en el que se cont\u00f3 con mujeres de varios sectores que participaron en dos mesas de di\u00e1logo. El acto fue inaugurado por el secretario general de Femepa, Don Juan Carlos Betancor, quien destac\u00f3 el compromiso de la entidad [&hellip;]<\/p>\n","protected":false},"author":4,"featured_media":7881,"comment_status":"closed","ping_status":"closed","sticky":false,"template":"","format":"standard","meta":{"_acf_changed":false,"rs_blank_template":"","rs_page_bg_color":"","slide_template_v7":"","footnotes":""},"categories":[1],"tags":[795,796,797,798,799,209,800,801,400],"class_list":["post-7880","post","type-post","status-publish","format-standard","has-post-thumbnail","hentry","category-sin-categoria","tag-ahoraeselmomento","tag-avanzando-en-la-igualdad","tag-dia-internacional-de-la-mujer","tag-empleoparatodas","tag-femepaigualdad","tag-igualdad","tag-igualdad-de-oportunidades","tag-masmujeres","tag-mujer-trabajadora"],"acf":[],"_links":{"self":[{"href":"https:\/\/femepa.org\/web\/wp-json\/wp\/v2\/posts\/7880","targetHints":{"allow":["GET"]}}],"collection":[{"href":"https:\/\/femepa.org\/web\/wp-json\/wp\/v2\/posts"}],"about":[{"href":"https:\/\/femepa.org\/web\/wp-json\/wp\/v2\/types\/post"}],"author":[{"embeddable":true,"href":"https:\/\/femepa.org\/web\/wp-json\/wp\/v2\/users\/4"}],"replies":[{"embeddable":true,"href":"https:\/\/femepa.org\/web\/wp-json\/wp\/v2\/comments?post=7880"}],"version-history":[{"count":0,"href":"https:\/\/femepa.org\/web\/wp-json\/wp\/v2\/posts\/7880\/revisions"}],"wp:featuredmedia":[{"embeddable":true,"href":"https:\/\/femepa.org\/web\/wp-json\/wp\/v2\/media\/7881"}],"wp:attachment":[{"href":"https:\/\/femepa.org\/web\/wp-json\/wp\/v2\/media?parent=7880"}],"wp:term":[{"taxonomy":"category","embeddable":true,"href":"https:\/\/femepa.org\/web\/wp-json\/wp\/v2\/categories?post=7880"},{"taxonomy":"post_tag","embeddable":true,"href":"https:\/\/femepa.org\/web\/wp-json\/wp\/v2\/tags?post=7880"}],"curies":[{"name":"wp","href":"https:\/\/api.w.org\/{rel}","templated":true}]}}