{"id":8226,"date":"2019-04-02T09:56:59","date_gmt":"2019-04-02T09:56:59","guid":{"rendered":"http:\/\/femepa.org\/web\/?p=8226"},"modified":"2019-04-02T09:56:59","modified_gmt":"2019-04-02T09:56:59","slug":"conoce-nuestro-proyecto-impulsa-t-fomento-para-la-orientacion-y-formacion-de-adultos","status":"publish","type":"post","link":"https:\/\/femepa.org\/web\/conoce-nuestro-proyecto-impulsa-t-fomento-para-la-orientacion-y-formacion-de-adultos\/","title":{"rendered":"Femepa lanza un proyecto de Orientaci\u00f3n Laboral para personas desempleadas con escaso nivel formativo."},"content":{"rendered":"<p>El Excmo. Cabildo Insular de Gran Canaria ha asignado a Femepa, en el seno de la convocatoria para el fomento de la formaci\u00f3n para adultos con escaso nivel de estudios del eje 3, de la l\u00ednea estrat\u00e9gica 3 \u201cApoyo a la empleabilidad\u201d del Fondo de Desarrollo de Canarias (FDCAN) un proyecto de Orientaci\u00f3n Profesional para el Empleo.<\/p>\n<p>Esta convocatoria tiene por objeto la concesi\u00f3n de subvenciones para financiar acciones que fomenten la formaci\u00f3n y orientaci\u00f3n para la <strong>inserci\u00f3n labora<\/strong>l, dirigida a personas desempleadas residentes en Gran Canaria, con escaso nivel formativo y dificultades de inserci\u00f3n laboral.<\/p>\n<p>El objetivo del programa es atender a 1.500 personas desempleadas hasta el 30 de junio, en 5 \u00e1mbitos de actuaci\u00f3n, ubicadas en 8 sedes, abarcando <strong>todo el territorio de la isla de Gran Canaria.\u00a0<\/strong><\/p>\n<p>Las personas que asistan recibir\u00e1n una <strong>compensaci\u00f3n econ\u00f3mica de 26 euros.<\/strong><\/p>\n<p>Femepa quiere as\u00ed llegar al mayor n\u00famero de personas posibles y reducir los obst\u00e1culos en la b\u00fasqueda de empleo como son el <strong>desconocimiento de los recursos<\/strong> que dispone el sistema para mejorar su empleabilidad, el <strong>desconocimiento de la oferta formativa<\/strong>, las <strong>cargas familiares<\/strong>, la <strong>desmotivaci\u00f3n<\/strong> y la <strong>falta de autoestima<\/strong>, entre otros.<\/p>\n<p>Muchas de las personas desempleadas cuando acuden a una sesi\u00f3n de orientaci\u00f3n no son capaces de ver en qui\u00e9n podr\u00edan convertirse si se lo proponen y siempre ponen <strong>&#8220;peros&#8221;<\/strong>: &#8220;pero si es que no tengo estudios&#8221;, &#8220;pero si es que tengo que cuidar a mi madre&#8221;, &#8220;pero es que no tengo dinero para el transporte&#8221;, &#8220;pero es que&#8230;.&#8221;\u00a0 Con el fin de eliminar tantas barreras hemos propuesto esta campa\u00f1a <strong>&#8220;Sin Peros en la Lengua&#8221;<\/strong> acompa\u00f1ado del claim: <strong>&#8220;refl\u00e9jate en quien quieras ser&#8221;.<\/strong><\/p>\n<p>El usuario, una vez accede al servicio, se disipa la incertidumbre y, marcado un objetivo, <strong>se produce el principio del cambio orientado siempre a la obtenci\u00f3n de empleo.<\/strong><\/p>\n<p class=\"ult-responsive\" data-ultimate-target=\"#Info-list-wrap-7239 h3\" data-responsive-json-new=\"{&quot;font-size&quot;:&quot;desktop:24px;&quot;,&quot;line-height&quot;:&quot;desktop:30px;&quot;}\"><strong>Para acceder al servicio se pueden inscribir a trav\u00e9s de la web<\/strong>\u00a0<a href=\"http:\/\/sinperosenlalengua.es\/\">http:\/\/sinperosenlalengua.es\/\u00a0<\/a><\/p>\n<p class=\"ult-responsive\" data-ultimate-target=\"#Info-list-wrap-7239 h3\" data-responsive-json-new=\"{&quot;font-size&quot;:&quot;desktop:24px;&quot;,&quot;line-height&quot;:&quot;desktop:30px;&quot;}\"><strong>Requisitos<\/strong><\/p>\n<div class=\"icon_description_text ult-responsive\" data-ultimate-target=\"#Info-list-wrap-7239 .icon_description_text\" data-responsive-json-new=\"{&quot;font-size&quot;:&quot;desktop:18px;&quot;,&quot;line-height&quot;:&quot;desktop:24px;&quot;}\">\n<ul>\n<li>Ser mayor de 18 a\u00f1os<\/li>\n<li>Nivel de estudios no superior a la E.S.O. o\u00a0 CP Nivel 1.<\/li>\n<li>Ser desempleado<\/li>\n<\/ul>\n<p class=\"ult-responsive\" data-ultimate-target=\"#Info-list-wrap-1338 h3\" data-responsive-json-new=\"{&quot;font-size&quot;:&quot;desktop:24px;&quot;,&quot;line-height&quot;:&quot;desktop:30px;&quot;}\"><strong>Fechas<\/strong><\/p>\n<div class=\"icon_description_text ult-responsive\" data-ultimate-target=\"#Info-list-wrap-1338 .icon_description_text\" data-responsive-json-new=\"{&quot;font-size&quot;:&quot;desktop:18px;&quot;,&quot;line-height&quot;:&quot;desktop:24px;&quot;}\">\n<p><strong>Inicio:<\/strong>\u00a004 de enero<br \/>\n<strong>Fin:<\/strong>\u00a0 \u00a0 30 de junio<\/p>\n<\/div>\n<\/div>\n<div class=\"icon_description_text ult-responsive\" data-ultimate-target=\"#Info-list-wrap-7239 .icon_description_text\" data-responsive-json-new=\"{&quot;font-size&quot;:&quot;desktop:18px;&quot;,&quot;line-height&quot;:&quot;desktop:24px;&quot;}\">\n<div class=\"icon_description_text ult-responsive\" data-ultimate-target=\"#Info-list-wrap-1338 .icon_description_text\" data-responsive-json-new=\"{&quot;font-size&quot;:&quot;desktop:18px;&quot;,&quot;line-height&quot;:&quot;desktop:24px;&quot;}\">\n<p>&nbsp;<\/p>\n<p>&nbsp;<\/p>\n<\/div>\n<\/div>\n","protected":false},"excerpt":{"rendered":"<p>El Excmo. Cabildo Insular de Gran Canaria ha asignado a Femepa, en el seno de la convocatoria para el fomento de la formaci\u00f3n para adultos con escaso nivel de estudios del eje 3, de la l\u00ednea estrat\u00e9gica 3 \u201cApoyo a la empleabilidad\u201d del Fondo de Desarrollo de Canarias (FDCAN) un proyecto de Orientaci\u00f3n Profesional para [&hellip;]<\/p>\n","protected":false},"author":4,"featured_media":9261,"comment_status":"closed","ping_status":"closed","sticky":false,"template":"","format":"standard","meta":{"_acf_changed":false,"rs_blank_template":"","rs_page_bg_color":"","slide_template_v7":"","footnotes":""},"categories":[1],"tags":[636,697,180,143,844,667,845,846,508],"class_list":["post-8226","post","type-post","status-publish","format-standard","has-post-thumbnail","hentry","category-sin-categoria","tag-cabildo-de-gran-canaria","tag-desempleados","tag-empleo","tag-formacion","tag-insercion-laboral","tag-orientacion-profesional","tag-sin-estudios","tag-sin-peros-en-la-lengua","tag-trabajo"],"acf":[],"_links":{"self":[{"href":"https:\/\/femepa.org\/web\/wp-json\/wp\/v2\/posts\/8226","targetHints":{"allow":["GET"]}}],"collection":[{"href":"https:\/\/femepa.org\/web\/wp-json\/wp\/v2\/posts"}],"about":[{"href":"https:\/\/femepa.org\/web\/wp-json\/wp\/v2\/types\/post"}],"author":[{"embeddable":true,"href":"https:\/\/femepa.org\/web\/wp-json\/wp\/v2\/users\/4"}],"replies":[{"embeddable":true,"href":"https:\/\/femepa.org\/web\/wp-json\/wp\/v2\/comments?post=8226"}],"version-history":[{"count":0,"href":"https:\/\/femepa.org\/web\/wp-json\/wp\/v2\/posts\/8226\/revisions"}],"wp:featuredmedia":[{"embeddable":true,"href":"https:\/\/femepa.org\/web\/wp-json\/wp\/v2\/media\/9261"}],"wp:attachment":[{"href":"https:\/\/femepa.org\/web\/wp-json\/wp\/v2\/media?parent=8226"}],"wp:term":[{"taxonomy":"category","embeddable":true,"href":"https:\/\/femepa.org\/web\/wp-json\/wp\/v2\/categories?post=8226"},{"taxonomy":"post_tag","embeddable":true,"href":"https:\/\/femepa.org\/web\/wp-json\/wp\/v2\/tags?post=8226"}],"curies":[{"name":"wp","href":"https:\/\/api.w.org\/{rel}","templated":true}]}}