{"id":8243,"date":"2019-04-03T18:08:37","date_gmt":"2019-04-03T18:08:37","guid":{"rendered":"http:\/\/femepa.org\/web\/?p=8243"},"modified":"2019-04-03T18:08:37","modified_gmt":"2019-04-03T18:08:37","slug":"jornada-soluciones-digitales-para-la-gestion-del-registro-horario-del-tiempo-en-las-empresas","status":"publish","type":"post","link":"https:\/\/femepa.org\/web\/jornada-soluciones-digitales-para-la-gestion-del-registro-horario-del-tiempo-en-las-empresas\/","title":{"rendered":"JORNADA \u201cSOLUCIONES DIGITALES PARA LA GESTI\u00d3N DEL REGISTRO HORARIO DEL TIEMPO EN LAS EMPRESAS\u201d"},"content":{"rendered":"<p>&nbsp;<\/p>\n<p><strong><img fetchpriority=\"high\" decoding=\"async\" class=\"alignnone wp-image-8257 size-full\" src=\"http:\/\/femepa.org\/web\/wp-content\/uploads\/2019\/04\/encabezado-soluciones-digitales.png\" alt=\"\" width=\"788\" height=\"120\" srcset=\"https:\/\/femepa.org\/web\/wp-content\/uploads\/2019\/04\/encabezado-soluciones-digitales.png 788w, https:\/\/femepa.org\/web\/wp-content\/uploads\/2019\/04\/encabezado-soluciones-digitales-300x46.png 300w, https:\/\/femepa.org\/web\/wp-content\/uploads\/2019\/04\/encabezado-soluciones-digitales-768x117.png 768w, https:\/\/femepa.org\/web\/wp-content\/uploads\/2019\/04\/encabezado-soluciones-digitales-600x91.png 600w\" sizes=\"(max-width: 788px) 100vw, 788px\" \/><\/strong><\/p>\n<p><strong>Jueves, 11 de Abril de 2019, en el Sal\u00f3n de Actos de FEMEPA <\/strong><\/p>\n<p><strong>\u00a0(C\/ Le\u00f3n y Castillo N\u00ba 89, 4\u00aa planta. Las Palmas de Gran Canaria)<\/strong><\/p>\n<p>El pasado 12 de marzo se publicaba en el BOE el <strong>Real Decreto-Ley 8\/2019<\/strong>, de 8 de marzo, de medidas urgentes de protecci\u00f3n social y de lucha contra la precariedad laboral en la jornada de trabajo, que ha modificado, entre otros, el art\u00edculo 34 del estatuto de los trabajadores. Concretamente, el cap\u00edtulo III sobre <strong>medidas de lucha contra la precariedad laboral<\/strong> en la jornada de trabajo, art. 10. registro de jornada, apdo 2\u00ba, establece que:<\/p>\n<p><em>&#8220;la empresa garantizar\u00e1 el registro diario de jornada, que deber\u00e1 incluir el horario concreto de inicio y finalizaci\u00f3n de la jornada de trabajo de cada persona trabajadora, sin perjuicio de la flexibilidad horaria que se establece en este art\u00edculo.&#8221;<\/em><\/p>\n<p>A\u00f1ade, que la empresa deber\u00e1 conservar los <strong>registros\u00a0durante cuatro a\u00f1os<\/strong>, debiendo permanecer a disposici\u00f3n de los empleados, de sus representantes legales y de la Inspecci\u00f3n de Trabajo y Seguridad Social. Las empresas tienen\u00a0hasta el <strong>12 de mayo<\/strong>\u00a0del presente a\u00f1o para implantar un sistema que garantice el registro diario de la jornada.<\/p>\n<p>Durante la jornada se mostrar\u00e1 a las empresas participantes un soluci\u00f3n eficiente, innovadora y sostenible para el reto que plantea el cambio de la legislaci\u00f3n.<\/p>\n<p style=\"text-align: left;\"><strong><u>\u00a0 Agenda\u00a0<\/u><\/strong><\/p>\n<p><strong>09:00 Presentaci\u00f3n de la Jornada <\/strong><\/p>\n<p>Juan Carlos Betancor &#8211; Secretario General de FEMEPA<\/p>\n<p><strong>09:15 Aspectos legales del Real Decreto-ley 8\/2019, en materia de registro horario del tiempo de trabajo del empleado.<\/strong><\/p>\n<p>D\u00f1a. Urpi Rodr\u00edguez Losada &#8211; Responsable del \u00c1rea Jur\u00eddica de MHP Servicios de Control<\/p>\n<p><strong>09:45 Posibles soluciones para el cumplimiento y puntos a tener en cuenta. Servicio Integral de Gesti\u00f3n de Horarios de MHP.<\/strong><\/p>\n<p>Javier Ojeda Henr\u00edquez &#8211; Director Comercial MHP Servicios de Control<\/p>\n<p><strong>10:30 Ruegos y Preguntas. Clausura<\/strong><\/p>\n<p>Inscripci\u00f3n en: <a href=\"mailto:cide@femepa.com\">cide@femepa.com<\/a><\/p>\n<p>Organiza:<\/p>\n<p><img decoding=\"async\" class=\"wp-image-8244 aligncenter\" src=\"http:\/\/femepa.org\/web\/wp-content\/uploads\/2019\/04\/red-cide-logos-300x30.jpg\" alt=\"\" width=\"550\" height=\"55\" srcset=\"https:\/\/femepa.org\/web\/wp-content\/uploads\/2019\/04\/red-cide-logos-300x30.jpg 300w, https:\/\/femepa.org\/web\/wp-content\/uploads\/2019\/04\/red-cide-logos.jpg 586w\" sizes=\"(max-width: 550px) 100vw, 550px\" \/><\/p>\n<p>La Red CIDE es una iniciativa de la\u00a0Consejer\u00eda de Econom\u00eda, Industria, Comercio y Conocimiento del Gobierno de Canarias, impulsada a trav\u00e9s de la\u00a0Agencia Canaria de Investigaci\u00f3n, Innovaci\u00f3n y Sociedad de la Informaci\u00f3n\u00a0(ACIISI), y cofinanciada por el\u00a0Fondo Europeo de Desarrollo Regional, con una tasa de cofinanciaci\u00f3n del 85% en el marco del\u00a0Programa Operativo FEDER Canarias 2014-2020.<\/p>\n<p>Colabora:<\/p>\n<p><img decoding=\"async\" class=\"size-full wp-image-8247 aligncenter\" src=\"http:\/\/femepa.org\/web\/wp-content\/uploads\/2019\/04\/mhp.jpg\" alt=\"\" width=\"169\" height=\"37\" \/><\/p>\n","protected":false},"excerpt":{"rendered":"<p>&nbsp; Jueves, 11 de Abril de 2019, en el Sal\u00f3n de Actos de FEMEPA \u00a0(C\/ Le\u00f3n y Castillo N\u00ba 89, 4\u00aa planta. Las Palmas de Gran Canaria) El pasado 12 de marzo se publicaba en el BOE el Real Decreto-Ley 8\/2019, de 8 de marzo, de medidas urgentes de protecci\u00f3n social y de lucha contra [&hellip;]<\/p>\n","protected":false},"author":4,"featured_media":8248,"comment_status":"closed","ping_status":"closed","sticky":false,"template":"","format":"standard","meta":{"_acf_changed":false,"rs_blank_template":"","rs_page_bg_color":"","slide_template_v7":"","footnotes":""},"categories":[1],"tags":[847,848,849],"class_list":["post-8243","post","type-post","status-publish","format-standard","has-post-thumbnail","hentry","category-sin-categoria","tag-ley8-2019","tag-precariedad-laboral","tag-registro-horario-empresas"],"acf":[],"_links":{"self":[{"href":"https:\/\/femepa.org\/web\/wp-json\/wp\/v2\/posts\/8243","targetHints":{"allow":["GET"]}}],"collection":[{"href":"https:\/\/femepa.org\/web\/wp-json\/wp\/v2\/posts"}],"about":[{"href":"https:\/\/femepa.org\/web\/wp-json\/wp\/v2\/types\/post"}],"author":[{"embeddable":true,"href":"https:\/\/femepa.org\/web\/wp-json\/wp\/v2\/users\/4"}],"replies":[{"embeddable":true,"href":"https:\/\/femepa.org\/web\/wp-json\/wp\/v2\/comments?post=8243"}],"version-history":[{"count":0,"href":"https:\/\/femepa.org\/web\/wp-json\/wp\/v2\/posts\/8243\/revisions"}],"wp:featuredmedia":[{"embeddable":true,"href":"https:\/\/femepa.org\/web\/wp-json\/wp\/v2\/media\/8248"}],"wp:attachment":[{"href":"https:\/\/femepa.org\/web\/wp-json\/wp\/v2\/media?parent=8243"}],"wp:term":[{"taxonomy":"category","embeddable":true,"href":"https:\/\/femepa.org\/web\/wp-json\/wp\/v2\/categories?post=8243"},{"taxonomy":"post_tag","embeddable":true,"href":"https:\/\/femepa.org\/web\/wp-json\/wp\/v2\/tags?post=8243"}],"curies":[{"name":"wp","href":"https:\/\/api.w.org\/{rel}","templated":true}]}}