{"id":8270,"date":"2019-04-08T10:58:35","date_gmt":"2019-04-08T10:58:35","guid":{"rendered":"http:\/\/femepa.org\/web\/?p=8270"},"modified":"2019-04-08T10:58:35","modified_gmt":"2019-04-08T10:58:35","slug":"femepa-estuvo-presente-en-la-42a-feria-internacional-del-atlantico-atlantur","status":"publish","type":"post","link":"https:\/\/femepa.org\/web\/femepa-estuvo-presente-en-la-42a-feria-internacional-del-atlantico-atlantur\/","title":{"rendered":"Femepa estuvo presente en la 42\u00aa Feria Internacional del Atl\u00e1ntico, Atlantur"},"content":{"rendered":"<p>Femepa ha estado presente, un a\u00f1o m\u00e1s, en la 42\u00aa Feria Internacional del Atl\u00e1ntico, que tuvo lugar del 28 al 31 de marzo, con el objetivo de dar a conocer los diferentes proyectos que la entidad ha puesto en marcha para ofrecer un mayor servicio a las empresas. Los proyectos presentados fueron los siguientes:<\/p>\n<p style=\"text-align: center;\"><strong>Metaldoc<\/strong><\/p>\n<p>Portal web para la gesti\u00f3n documental de la coordinaci\u00f3n de actividades empresariales.<\/p>\n<p><strong>Plataforma B2B<\/strong> en el que podr\u00e1s encontrar la\u00a0<strong>empresa legal <\/strong>que necesitas, comunicarte con ella, solicitar presupuestos\u2026<\/p>\n<p><strong>Base de datos de proveedores<\/strong>: Una base de datos de proveedores con su documentaci\u00f3n disponible para ti.<\/p>\n<p><strong>Plataforma de Coordinaci\u00f3n de Actividades Preventivas<\/strong>: Plataforma profesional dedicada a un precio imbatible, podr\u00e1s descargar o consultar toda la documentaci\u00f3n y te avisar\u00e1 de su caducidad y estado.<\/p>\n<p><strong>Servicio de validaci\u00f3n documental<\/strong>: Te garantiza que los documentos que se reciben son correctos y est\u00e1n dentro de fecha de validez.<\/p>\n<p style=\"text-align: center;\"><strong>La Tarjeta Profesional del Sector del Metal (TPM)<\/strong><\/p>\n<p>Da respuesta a lo exigido en el Convenio, para acreditar la formaci\u00f3n recibida por los trabajadores del sector en materia de PRL.<\/p>\n<ul>\n<li>Acredita la categor\u00eda o grupo profesional de su titular y su experiencia profesional.<\/li>\n<\/ul>\n<ul>\n<li>Acredita la formaci\u00f3n de todo tipo recibida por su titular.<\/li>\n<li>En el II Convenio Colectivo Estatal de la Industria, la Tecnolog\u00eda y los Servicios del Sector Metal (CEM), en el que se incorpora como novedad<strong> la\u00a0formaci\u00f3n m\u00ednima obligatoria en materia de Prevenci\u00f3n de\u00a0 Riesgos Laborales, PRL, para todos los trabajadores del Metal.<\/strong><\/li>\n<\/ul>\n<p>&nbsp;<\/p>\n<ul>\n<li><em>\u00bfQu\u00e9 objetivo tiene esta formaci\u00f3n?<\/em><\/li>\n<\/ul>\n<p><em>Reducir la siniestralidad y potenciar la cultura preventiva en los lugares de trabajo, al tratarse de una actividad que presenta unos \u00edndices de accidentalidad m\u00e1s elevados que la mayor\u00eda de los sectores econ\u00f3micos. Formaci\u00f3n m\u00ednima en materia de PRL.<\/em><\/p>\n<ul>\n<li><em> \u00bfQu\u00e9 obligaciones tiene el empresario?<\/em><\/li>\n<\/ul>\n<p><em>Desde el 7 de junio de 2017, en el plazo de tres a\u00f1os, los empresarios deben adaptarse paulatinamente para proporcionar a cada trabajador, en cumplimiento de su deber de protecci\u00f3n, una formaci\u00f3n te\u00f3rica y pr\u00e1ctica, suficiente y adecuada, en materia de PRL, conforme a lo recogido en el cap\u00edtulo XVII del CEM.<\/em><\/p>\n<p><em>Las empresas podr\u00e1n bonificar esta formaci\u00f3n en sus cotizaciones a la Seguridad Social de acuerdo con su cr\u00e9dito disponible.<\/em><\/p>\n<ul>\n<li><em> \u00bfQu\u00e9 plazo tiene para la adaptaci\u00f3n?<\/em><\/li>\n<\/ul>\n<p><em>Tres a\u00f1os desde la publicaci\u00f3n del CEM, a raz\u00f3n de un sexto de la plantilla por semestre.<\/em><\/p>\n<p>Durante la inauguraci\u00f3n de la feria, recibimos la visita del <strong>presidente del\u00a0<a href=\"https:\/\/www.facebook.com\/CabildodeGranCanaria\/?__tn__=K-R&amp;eid=ARBAccdPoWWQ2oBO7sdRbuGgzhHy3hw27UzV2XnQ7LZg8QJzvhZTH293bojfytGtunEuHbhdGs2JtfH0&amp;fref=mentions&amp;__xts__%5B0%5D=68.ARDphk0y3QONiAHPwWM9Gi_fnSK-4HEFaQALlbIVQdQbfdloDsSNJxp0_AdePIwR_YvRpUCOIzmGy7pXc4SJqJ2LFo5-8DofVMohagc9Yt6y0GimwxrJ-KsdEISm6WUwYQq9ho-MutTYb58sr44nBj3ynRHlQjrxzChCB2btKQubcd124UToxPQ1pF4OtyMrWwJgZfYXHSi592uc0AXocHUcbEW4AjzgQswG7t_NguxBoCFdPcSIZTX7LDfeBF8iOdl95ZxvAF9SmxenjIAFgxx_1rWyFeCNKAInQPldrhJdulc_9bZ40lgyzWdFt_m1psPI8A5KXWlvJiariPpEvHxlBg\" data-hovercard=\"\/ajax\/hovercard\/page.php?id=753106774703904&amp;extragetparams=%7B%22__tn__%22%3A%22%2CdK-R-R%22%2C%22eid%22%3A%22ARBAccdPoWWQ2oBO7sdRbuGgzhHy3hw27UzV2XnQ7LZg8QJzvhZTH293bojfytGtunEuHbhdGs2JtfH0%22%2C%22fref%22%3A%22mentions%22%7D\" data-hovercard-prefer-more-content-show=\"1\">Cabildo de Gran Canaria<\/a><\/strong>, D. Antonio Morales M\u00e9ndez y del\u00a0<strong>Consejero de \u00c1rea de Desarrollo Econ\u00f3mico, Energ\u00eda e I+D+i,\u00a0<\/strong>Ra\u00fal Garc\u00eda Brink, siendo recibidos por la comitiva de Femepa formada por e<strong>l Secretario Genera<\/strong>l, Juan Carlos Betancor, el<strong> vicepresidente de Femepa y presidente de AIELPA<\/strong> y por el <strong>socio fundador de Femepa<\/strong>, Obdulio Falc\u00f3n.<\/p>\n","protected":false},"excerpt":{"rendered":"<p>Femepa ha estado presente, un a\u00f1o m\u00e1s, en la 42\u00aa Feria Internacional del Atl\u00e1ntico, que tuvo lugar del 28 al 31 de marzo, con el objetivo de dar a conocer los diferentes proyectos que la entidad ha puesto en marcha para ofrecer un mayor servicio a las empresas. Los proyectos presentados fueron los siguientes: Metaldoc [&hellip;]<\/p>\n","protected":false},"author":4,"featured_media":8271,"comment_status":"closed","ping_status":"closed","sticky":false,"template":"","format":"standard","meta":{"_acf_changed":false,"rs_blank_template":"","rs_page_bg_color":"","slide_template_v7":"","footnotes":""},"categories":[1],"tags":[836,837,116,415,658],"class_list":["post-8270","post","type-post","status-publish","format-standard","has-post-thumbnail","hentry","category-sin-categoria","tag-atlantur","tag-feria-internacional-del-atlantico","tag-infecar","tag-metaldoc","tag-tpm-formacion"],"acf":[],"_links":{"self":[{"href":"https:\/\/femepa.org\/web\/wp-json\/wp\/v2\/posts\/8270","targetHints":{"allow":["GET"]}}],"collection":[{"href":"https:\/\/femepa.org\/web\/wp-json\/wp\/v2\/posts"}],"about":[{"href":"https:\/\/femepa.org\/web\/wp-json\/wp\/v2\/types\/post"}],"author":[{"embeddable":true,"href":"https:\/\/femepa.org\/web\/wp-json\/wp\/v2\/users\/4"}],"replies":[{"embeddable":true,"href":"https:\/\/femepa.org\/web\/wp-json\/wp\/v2\/comments?post=8270"}],"version-history":[{"count":0,"href":"https:\/\/femepa.org\/web\/wp-json\/wp\/v2\/posts\/8270\/revisions"}],"wp:featuredmedia":[{"embeddable":true,"href":"https:\/\/femepa.org\/web\/wp-json\/wp\/v2\/media\/8271"}],"wp:attachment":[{"href":"https:\/\/femepa.org\/web\/wp-json\/wp\/v2\/media?parent=8270"}],"wp:term":[{"taxonomy":"category","embeddable":true,"href":"https:\/\/femepa.org\/web\/wp-json\/wp\/v2\/categories?post=8270"},{"taxonomy":"post_tag","embeddable":true,"href":"https:\/\/femepa.org\/web\/wp-json\/wp\/v2\/tags?post=8270"}],"curies":[{"name":"wp","href":"https:\/\/api.w.org\/{rel}","templated":true}]}}