{"id":8293,"date":"2019-04-10T18:56:30","date_gmt":"2019-04-10T18:56:30","guid":{"rendered":"http:\/\/femepa.org\/web\/?p=8293"},"modified":"2019-04-10T18:56:30","modified_gmt":"2019-04-10T18:56:30","slug":"femepa-comienza-un-nuevo-proyecto-de-formacion-subvencionado-por-el-cabildo-de-gran-canaria","status":"publish","type":"post","link":"https:\/\/femepa.org\/web\/femepa-comienza-un-nuevo-proyecto-de-formacion-subvencionado-por-el-cabildo-de-gran-canaria\/","title":{"rendered":"Femepa comienza un nuevo proyecto de formaci\u00f3n subvencionado por el Cabildo de Gran Canaria"},"content":{"rendered":"<p>Hoy mi\u00e9rcoles 10 de abril, a las 10:30 se ha presentado en rueda de prensa, en las instalaciones del Cabildo de Gran Canaria, el proyecto de formaci\u00f3n <strong>&#8220;Metal- Forma&#8221;<\/strong> adjudicado a Femepa por un importe de 300.000\u20ac.<\/p>\n<p>El consejero de Empleo y Transparencia del Cabildo de Gran Canaria, Gilberto D\u00edaz present\u00f3 el proyecto formativo junto con el secretario general de Femepa, Juan Carlos Betancor Garc\u00eda y el director de Formaci\u00f3n y Empleo, V\u00edctor Rubio.<\/p>\n<p>Se trata de un proyecto de subvenci\u00f3n nominativa para el <strong>fomento de la formaci\u00f3n para adultos con escaso nivel de estudios<\/strong> FDCAN. En concreto se desarrollar\u00e1n 9 acciones formativas, con un alcance de 180 personas desempleadas,\u00a0 acciones mayoritariamente conducentes a certificados de profesionalidad de las familias profesionales de carrocer\u00eda del autom\u00f3vil, prevenci\u00f3n de riesgos laborales, actividades auxiliares de almac\u00e9n, dise\u00f1o web, soldadura e instalaciones el\u00e9ctricas.<\/p>\n<p>El plazo de ejecuci\u00f3n es hasta el 31 de diciembre de 2019 y el 50% son con fondos del Cabildo de Gran Canaria y el 50% con fondos de la Comunidad Aut\u00f3noma de Canarias.<\/p>\n<table>\n<tbody>\n<tr>\n<td><strong>Proyecto <\/strong><\/td>\n<td><strong>Denominaci\u00f3n<\/strong><\/td>\n<td><strong>Horas<\/strong><\/td>\n<td><strong>Especialidad<\/strong><\/td>\n<\/tr>\n<tr>\n<td>Cabildo 2019<\/td>\n<td>Pintura de Veh\u00edculos<\/td>\n<td>470<\/td>\n<td>Carrocer\u00eda de Veh\u00edculos<\/td>\n<\/tr>\n<tr>\n<td>Cabildo 2019<\/td>\n<td>Pintado de veh\u00edculos<\/td>\n<td>90<\/td>\n<td>Carrocer\u00eda de Veh\u00edculos<\/td>\n<\/tr>\n<tr>\n<td>Cabildo 2019<\/td>\n<td>Pintado de veh\u00edculos por difuminado<\/td>\n<td>90<\/td>\n<td>Carrocer\u00eda de Veh\u00edculos<\/td>\n<\/tr>\n<tr>\n<td>Cabildo 2019<\/td>\n<td>PRL. NIVEL BASICO: ACTIVIDADES DEL METAL EN LA CONSTRUCCION<\/td>\n<td>60<\/td>\n<td>Prevenci\u00f3n de Riesgos Laborales<\/td>\n<\/tr>\n<tr>\n<td>Cabildo 2019<\/td>\n<td>Actividades Auxiliares de Almac\u00e9n<\/td>\n<td>170<\/td>\n<td>Almacenero<\/td>\n<\/tr>\n<tr>\n<td>Cabildo 2019<\/td>\n<td>IFCD0110 Confecci\u00f3n y Publicaci\u00f3n de P\u00e1ginas Web.<\/td>\n<td>480<\/td>\n<td>Inform\u00e1tica T\u00e9cnica<\/td>\n<\/tr>\n<tr>\n<td>Cabildo 2019<\/td>\n<td>MF0098_2: Soldadura y proyecci\u00f3n t\u00e9rmica por Oxigas<\/td>\n<td>200<\/td>\n<td>Transformados Met\u00e1licos<\/td>\n<\/tr>\n<tr>\n<td>Cabildo 2019<\/td>\n<td>MF0825_2: Montaje y mantenimiento de m\u00e1quinas el\u00e9ctricas.<\/td>\n<td>180<\/td>\n<td>Instalaciones El\u00e9ctricas<\/td>\n<\/tr>\n<tr>\n<td>Cabildo 2019<\/td>\n<td>MF0820_2: Instalaciones el\u00e9ctricas en edificios de viviendas<\/td>\n<td>170<\/td>\n<td>Instalaciones El\u00e9ctricas<\/td>\n<\/tr>\n<\/tbody>\n<\/table>\n<p>Los cursos ya est\u00e1n cargados en la web de femepa y pueden cumplimentar su solicitud en pulsando <a href=\"http:\/\/femepa.org\/formacion-femepa\/oferta-formativa\/\">aqu\u00ed<\/a><\/p>\n<p>Tambi\u00e9n puede contactar con el equipo de formaci\u00f3n llamando al 928 474 089 o escribiendo al correo <a href=\"mailto:formacion@femepa.es\">formacion@femepa.es\u00a0<\/a><\/p>\n","protected":false},"excerpt":{"rendered":"<p>Hoy mi\u00e9rcoles 10 de abril, a las 10:30 se ha presentado en rueda de prensa, en las instalaciones del Cabildo de Gran Canaria, el proyecto de formaci\u00f3n &#8220;Metal- Forma&#8221; adjudicado a Femepa por un importe de 300.000\u20ac. El consejero de Empleo y Transparencia del Cabildo de Gran Canaria, Gilberto D\u00edaz present\u00f3 el proyecto formativo junto [&hellip;]<\/p>\n","protected":false},"author":4,"featured_media":8294,"comment_status":"closed","ping_status":"closed","sticky":false,"template":"","format":"standard","meta":{"_acf_changed":false,"rs_blank_template":"","rs_page_bg_color":"","slide_template_v7":"","footnotes":""},"categories":[1],"tags":[94,857,693,180,642,64,143,858],"class_list":["post-8293","post","type-post","status-publish","format-standard","has-post-thumbnail","hentry","category-sin-categoria","tag-cabildo","tag-cursos-gratis","tag-cursos-subvencionados","tag-empleo","tag-fdcan","tag-femepa","tag-formacion","tag-formacion-subvencionada"],"acf":[],"_links":{"self":[{"href":"https:\/\/femepa.org\/web\/wp-json\/wp\/v2\/posts\/8293","targetHints":{"allow":["GET"]}}],"collection":[{"href":"https:\/\/femepa.org\/web\/wp-json\/wp\/v2\/posts"}],"about":[{"href":"https:\/\/femepa.org\/web\/wp-json\/wp\/v2\/types\/post"}],"author":[{"embeddable":true,"href":"https:\/\/femepa.org\/web\/wp-json\/wp\/v2\/users\/4"}],"replies":[{"embeddable":true,"href":"https:\/\/femepa.org\/web\/wp-json\/wp\/v2\/comments?post=8293"}],"version-history":[{"count":0,"href":"https:\/\/femepa.org\/web\/wp-json\/wp\/v2\/posts\/8293\/revisions"}],"wp:featuredmedia":[{"embeddable":true,"href":"https:\/\/femepa.org\/web\/wp-json\/wp\/v2\/media\/8294"}],"wp:attachment":[{"href":"https:\/\/femepa.org\/web\/wp-json\/wp\/v2\/media?parent=8293"}],"wp:term":[{"taxonomy":"category","embeddable":true,"href":"https:\/\/femepa.org\/web\/wp-json\/wp\/v2\/categories?post=8293"},{"taxonomy":"post_tag","embeddable":true,"href":"https:\/\/femepa.org\/web\/wp-json\/wp\/v2\/tags?post=8293"}],"curies":[{"name":"wp","href":"https:\/\/api.w.org\/{rel}","templated":true}]}}