{"id":8382,"date":"2019-04-30T10:57:28","date_gmt":"2019-04-30T10:57:28","guid":{"rendered":"http:\/\/femepa.org\/web\/?p=8382"},"modified":"2019-04-30T10:57:28","modified_gmt":"2019-04-30T10:57:28","slug":"visita-de-los-representantes-de-coalicion-canaria-al-centro-de-formacion-tecnico-profesional-del-metal-femepa","status":"publish","type":"post","link":"https:\/\/femepa.org\/web\/visita-de-los-representantes-de-coalicion-canaria-al-centro-de-formacion-tecnico-profesional-del-metal-femepa\/","title":{"rendered":"Visita de los representantes de Coalici\u00f3n Canaria al Centro de Formaci\u00f3n T\u00e9cnico-profesional del Metal &#8211; Femepa"},"content":{"rendered":"<p>El pasado 22 de abril, los representantes de Coalici\u00f3n Canaria visitaron nuestras instalaciones de El Sebadal donde se encuentra el\u00a0Centro de Formaci\u00f3n T\u00e9cnico-profesional del Metal &#8211; FEMEPA.<\/p>\n<p>El secretario general, Juan Carlos Betancor y el director de Formaci\u00f3n y Empleo. V\u00edctor Rubio recibieron a la candidata de CC-PNC al congreso por la provincia de Las Palmas, Mar\u00eda Fern\u00e1ndez y a los candidatos de CC al Senado por Gran Canaria, Francis Candil y \u00c1ngeles Batista.<\/p>\n<p>Durante la visita, conocieron los diferentes proyectos formativos que se llevan a cabo en Femepa, dirigidos tanto a desempleados como a trabajadores del sector. Realizaron un recorrido por las instalaciones del centro, donde pudieron comprobar los amplios recursos con los que cuenta nuestro alumnado en su periodo formativo.<\/p>\n<p>Mar\u00eda Fern\u00e1ndez destac\u00f3 la labor en materia de formaci\u00f3n que lleva a cabo Femepa, con unos\u00a0600 alumnos en diversos cursos formativos de mec\u00e1nica, electr\u00f3nica, fontaner\u00eda, soldadura y fotovoltaica, entre otros, afirm\u00f3: \u201cEs importante que los fondos lleguen para centros como este, para que nuestros j\u00f3venes se formen y se ilusionen con un futuro profesional digno y con posibilidades reales de trabajo\u201d.<\/p>\n<p>&nbsp;<\/p>\n","protected":false},"excerpt":{"rendered":"<p>El pasado 22 de abril, los representantes de Coalici\u00f3n Canaria visitaron nuestras instalaciones de El Sebadal donde se encuentra el\u00a0Centro de Formaci\u00f3n T\u00e9cnico-profesional del Metal &#8211; FEMEPA. El secretario general, Juan Carlos Betancor y el director de Formaci\u00f3n y Empleo. V\u00edctor Rubio recibieron a la candidata de CC-PNC al congreso por la provincia de Las [&hellip;]<\/p>\n","protected":false},"author":4,"featured_media":8383,"comment_status":"closed","ping_status":"closed","sticky":false,"template":"","format":"standard","meta":{"_acf_changed":false,"rs_blank_template":"","rs_page_bg_color":"","slide_template_v7":"","footnotes":""},"categories":[1],"tags":[883,884,885,180,64,143,886,887],"class_list":["post-8382","post","type-post","status-publish","format-standard","has-post-thumbnail","hentry","category-sin-categoria","tag-angeles-batista","tag-centro-de-formacion-tecnico-profesional-del-metal","tag-coalicion-canaria","tag-empleo","tag-femepa","tag-formacion","tag-francis-candil","tag-maria-fernandez"],"acf":[],"_links":{"self":[{"href":"https:\/\/femepa.org\/web\/wp-json\/wp\/v2\/posts\/8382","targetHints":{"allow":["GET"]}}],"collection":[{"href":"https:\/\/femepa.org\/web\/wp-json\/wp\/v2\/posts"}],"about":[{"href":"https:\/\/femepa.org\/web\/wp-json\/wp\/v2\/types\/post"}],"author":[{"embeddable":true,"href":"https:\/\/femepa.org\/web\/wp-json\/wp\/v2\/users\/4"}],"replies":[{"embeddable":true,"href":"https:\/\/femepa.org\/web\/wp-json\/wp\/v2\/comments?post=8382"}],"version-history":[{"count":0,"href":"https:\/\/femepa.org\/web\/wp-json\/wp\/v2\/posts\/8382\/revisions"}],"wp:featuredmedia":[{"embeddable":true,"href":"https:\/\/femepa.org\/web\/wp-json\/wp\/v2\/media\/8383"}],"wp:attachment":[{"href":"https:\/\/femepa.org\/web\/wp-json\/wp\/v2\/media?parent=8382"}],"wp:term":[{"taxonomy":"category","embeddable":true,"href":"https:\/\/femepa.org\/web\/wp-json\/wp\/v2\/categories?post=8382"},{"taxonomy":"post_tag","embeddable":true,"href":"https:\/\/femepa.org\/web\/wp-json\/wp\/v2\/tags?post=8382"}],"curies":[{"name":"wp","href":"https:\/\/api.w.org\/{rel}","templated":true}]}}