{"id":8786,"date":"2019-06-10T13:21:40","date_gmt":"2019-06-10T13:21:40","guid":{"rendered":"https:\/\/femepa.org\/web\/?p=8786"},"modified":"2019-06-10T13:21:40","modified_gmt":"2019-06-10T13:21:40","slug":"femepa-en-expo-futuro-2019","status":"publish","type":"post","link":"https:\/\/femepa.org\/web\/femepa-en-expo-futuro-2019\/","title":{"rendered":"Femepa en Expo-futuro 2019"},"content":{"rendered":"<p>&nbsp;<\/p>\n<p>Los pasados 6 y 7 de junio de 2019,\u00a0 Femepa estuvo presente en la feria de Empleo, Formaci\u00f3n, Diversidad y Emprendimiento, Expo-futuro 2019, que tuvo lugar en el parque Santa Catalina.<\/p>\n<p>La feria fue todo un \u00e9xito, con una gran participaci\u00f3n, recibiendo a\u00a0<strong>7000 asistentes<\/strong>. Con <strong>54 empresas<\/strong> participantes.<\/p>\n<p>Femepa llev\u00f3 a cabo una gran puesta en escena en los 18m2 que Femepa, ARN y Cl\u00faster Mar\u00edtimo de Canarias compartieron en el stand 35-36.<\/p>\n<p>Miles de personas hac\u00edan colas desde las 09:00 de la ma\u00f1ana, los 2 d\u00edas que dur\u00f3 la feria, calcul\u00e1ndose que atendimos en nuestro stand a m\u00e1s de 5.000 personas.<\/p>\n<p>Personal de Femepa y\u00a0 Astican y Cl\u00faster Mar\u00edtimo de Canarias, atendieron a los miles de personas que se acercaron a conocer qu\u00e9 ofrece Femepa, mostrando un gran inter\u00e9s por los servicios de Formaci\u00f3n, Orientaci\u00f3n e Inserci\u00f3n Laboral.<\/p>\n<p>En el espacio de ponencias, nuestro director de Formaci\u00f3n y Empleo, V\u00edctor Rubio, dio a conocer las Oportunidades de Empleo en el Sector Metal, despertando gran expectaci\u00f3n entre los asistentes.<\/p>\n<p>Nuestra participaci\u00f3n en la feria ha permitido contactar de manera directa con una gran cantidad de personas en b\u00fasqueda activa de empleo, las cuales se podr\u00e1n ver beneficiadas de los servicios que Femepa presta para personas en dicha situaci\u00f3n, tanto en orientaci\u00f3n laboral y formaci\u00f3n profesional para el empleo, como el m\u00e1s importante en la b\u00fasqueda de empleo como es nuestra agencia de colocaci\u00f3n <a href=\"https:\/\/empleo.femepa.org\/\">https:\/\/empleo.femepa.org\/<\/a><\/p>\n<p>Podr\u00e1s ver el v\u00eddeo de nuestra participaci\u00f3n en la feria puedes verlo aqu\u00ed: <\/p>\n","protected":false},"excerpt":{"rendered":"<p>&nbsp; Los pasados 6 y 7 de junio de 2019,\u00a0 Femepa estuvo presente en la feria de Empleo, Formaci\u00f3n, Diversidad y Emprendimiento, Expo-futuro 2019, que tuvo lugar en el parque Santa Catalina. La feria fue todo un \u00e9xito, con una gran participaci\u00f3n, recibiendo a\u00a07000 asistentes. Con 54 empresas participantes. Femepa llev\u00f3 a cabo una gran [&hellip;]<\/p>\n","protected":false},"author":4,"featured_media":29827,"comment_status":"closed","ping_status":"closed","sticky":false,"template":"","format":"standard","meta":{"_acf_changed":false,"rs_blank_template":"","rs_page_bg_color":"#ffffff","slide_template_v7":"","footnotes":""},"categories":[1],"tags":[698,930,508],"class_list":["post-8786","post","type-post","status-publish","format-standard","has-post-thumbnail","hentry","category-sin-categoria","tag-desempleo","tag-ofertas-de-empleo","tag-trabajo"],"acf":[],"_links":{"self":[{"href":"https:\/\/femepa.org\/web\/wp-json\/wp\/v2\/posts\/8786","targetHints":{"allow":["GET"]}}],"collection":[{"href":"https:\/\/femepa.org\/web\/wp-json\/wp\/v2\/posts"}],"about":[{"href":"https:\/\/femepa.org\/web\/wp-json\/wp\/v2\/types\/post"}],"author":[{"embeddable":true,"href":"https:\/\/femepa.org\/web\/wp-json\/wp\/v2\/users\/4"}],"replies":[{"embeddable":true,"href":"https:\/\/femepa.org\/web\/wp-json\/wp\/v2\/comments?post=8786"}],"version-history":[{"count":0,"href":"https:\/\/femepa.org\/web\/wp-json\/wp\/v2\/posts\/8786\/revisions"}],"wp:featuredmedia":[{"embeddable":true,"href":"https:\/\/femepa.org\/web\/wp-json\/wp\/v2\/media\/29827"}],"wp:attachment":[{"href":"https:\/\/femepa.org\/web\/wp-json\/wp\/v2\/media?parent=8786"}],"wp:term":[{"taxonomy":"category","embeddable":true,"href":"https:\/\/femepa.org\/web\/wp-json\/wp\/v2\/categories?post=8786"},{"taxonomy":"post_tag","embeddable":true,"href":"https:\/\/femepa.org\/web\/wp-json\/wp\/v2\/tags?post=8786"}],"curies":[{"name":"wp","href":"https:\/\/api.w.org\/{rel}","templated":true}]}}