{"id":8807,"date":"2019-06-14T08:55:17","date_gmt":"2019-06-14T08:55:17","guid":{"rendered":"https:\/\/femepa.org\/web\/?p=8807"},"modified":"2019-06-14T08:55:17","modified_gmt":"2019-06-14T08:55:17","slug":"servicio-de-cita-previa-en-la-aduana-maritima-de-las-palmas","status":"publish","type":"post","link":"https:\/\/femepa.org\/web\/servicio-de-cita-previa-en-la-aduana-maritima-de-las-palmas\/","title":{"rendered":"Servicio de cita previa en la Aduana mar\u00edtima de Las Palmas"},"content":{"rendered":"<p>La Agencia Tributaria informa que a partir del 1 de julio de 2019 los tr\u00e1mites que a continuaci\u00f3n se indican \u00fanicamente ser\u00e1n atendidos con cita previa y en el horario que se se\u00f1ala:<\/p>\n<p><strong>\u00b7 Impuestos Especiales y Medioambientales<\/strong><\/p>\n<p>Informaci\u00f3n y asistencia en Impuestos Especiales y medioambientales. Para solicitar una cita previa para el Impuesto sobre determinados medios de transporte, debe dirigirse al apartado de &#8220;Otros Servicios&#8221;.<br \/>\n<strong>\u00a0 \u00a0 \u00b7 Censos:<\/strong> Informaci\u00f3n y tramitaci\u00f3n de altas y bajas en los Impuestos Especiales y Medioambientales<br \/>\n<strong>\u00a0 \u00a0 \u00b7 Electricidad e IVPEE (Modelo 583)<\/strong>: Informaci\u00f3n general y asesoramiento en materia de los siguientes impuestos: Valor de la producci\u00f3n de la energ\u00eda el\u00e9ctrica y del Impuesto especial sobre la electricidad<br \/>\n<strong>\u00a0 \u00a0 \u00b7 Impuesto Hidrocarburos (Gas\u00f3leo Agr\u00edcola y Profesional, c\u00e9ntimo sanitario y devoluci\u00f3n tramo auton\u00f3mico)<\/strong> Informaci\u00f3n general y atenci\u00f3n de requerimientos sobre la utilizaci\u00f3n del gas\u00f3leo agr\u00edcola, devoluciones de gas\u00f3leo profesional y c\u00e9ntimo sanitario<br \/>\n<strong>\u00a0 \u00a0 \u00b7 Gases Fluorados y resto impuestos medioambientales<\/strong>: Informaci\u00f3n general y asesoramiento en materia de los siguientes impuestos: Combustible nuclear, Gases fluorados<br \/>\n<strong>\u00a0 \u00a0 \u00b7 Otros tr\u00e1mites<\/strong><\/p>\n<p><strong>\u00b7 Intrastat<\/strong><\/p>\n<p>Informaci\u00f3n sobre obligaciones de presentaci\u00f3n de declaraciones estad\u00edsticas Intrastat: Intrastat.<\/p>\n<p><strong>\u00b7 Gesti\u00f3n Aduanera<\/strong><\/p>\n<p>Informaci\u00f3n y asistencia en contabilidad, garant\u00edas, establecimientos aduaneros, expedientes de contrabando y reg\u00edmenes aduaneros.<\/p>\n<p><strong>\u00b7 Contabilidad y Garant\u00edas<\/strong>: Informaci\u00f3n sobre pagos de liquidaciones de aduanas. Tramitaci\u00f3n, presentaci\u00f3n y devoluci\u00f3n de garant\u00edas.<br \/>\n<strong>\u00b7 Establecimientos Aduaneros (incluye OEA)<\/strong>: Informaci\u00f3n y tramitaci\u00f3n de las distintas figuras aduaneras de almacenamiento: Almacenes de Dep\u00f3sito Temporal, Locales Autorizados para Mercanc\u00eda de Exportaci\u00f3n,<br \/>\nDep\u00f3sitos Aduaneros y Dep\u00f3sitos Distintos de los Aduaneros.<br \/>\n<strong>\u00a0 \u00a0\u00b7 Infracci\u00f3n administrativa de contrabando: Tramitaci\u00f3n de expedientes de contrabando.<\/strong><br \/>\n<strong> \u00a0\u00b7 Reg\u00edmenes Aduaneros.<\/strong><\/p>\n<p>&nbsp;<\/p>\n<p>Dichos tr\u00e1mites ser\u00e1n atendidos en los siguientes horarios:<br \/>\n&#8211; Lunes, Mi\u00e9rcoles y Viernes: De 9:00 a 11:30<br \/>\n&#8211; Martes y Jueves: De 11:30 a 14:00 h<\/p>\n","protected":false},"excerpt":{"rendered":"<p>La Agencia Tributaria informa que a partir del 1 de julio de 2019 los tr\u00e1mites que a continuaci\u00f3n se indican \u00fanicamente ser\u00e1n atendidos con cita previa y en el horario que se se\u00f1ala: \u00b7 Impuestos Especiales y Medioambientales Informaci\u00f3n y asistencia en Impuestos Especiales y medioambientales. Para solicitar una cita previa para el Impuesto sobre [&hellip;]<\/p>\n","protected":false},"author":4,"featured_media":8810,"comment_status":"closed","ping_status":"closed","sticky":false,"template":"","format":"standard","meta":{"_acf_changed":false,"rs_blank_template":"","rs_page_bg_color":"","slide_template_v7":"","footnotes":""},"categories":[1],"tags":[934,935,936],"class_list":["post-8807","post","type-post","status-publish","format-standard","has-post-thumbnail","hentry","category-sin-categoria","tag-aduanas-las-palmas","tag-agencia-tributaria","tag-cita-previa"],"acf":[],"_links":{"self":[{"href":"https:\/\/femepa.org\/web\/wp-json\/wp\/v2\/posts\/8807","targetHints":{"allow":["GET"]}}],"collection":[{"href":"https:\/\/femepa.org\/web\/wp-json\/wp\/v2\/posts"}],"about":[{"href":"https:\/\/femepa.org\/web\/wp-json\/wp\/v2\/types\/post"}],"author":[{"embeddable":true,"href":"https:\/\/femepa.org\/web\/wp-json\/wp\/v2\/users\/4"}],"replies":[{"embeddable":true,"href":"https:\/\/femepa.org\/web\/wp-json\/wp\/v2\/comments?post=8807"}],"version-history":[{"count":0,"href":"https:\/\/femepa.org\/web\/wp-json\/wp\/v2\/posts\/8807\/revisions"}],"wp:featuredmedia":[{"embeddable":true,"href":"https:\/\/femepa.org\/web\/wp-json\/wp\/v2\/media\/8810"}],"wp:attachment":[{"href":"https:\/\/femepa.org\/web\/wp-json\/wp\/v2\/media?parent=8807"}],"wp:term":[{"taxonomy":"category","embeddable":true,"href":"https:\/\/femepa.org\/web\/wp-json\/wp\/v2\/categories?post=8807"},{"taxonomy":"post_tag","embeddable":true,"href":"https:\/\/femepa.org\/web\/wp-json\/wp\/v2\/tags?post=8807"}],"curies":[{"name":"wp","href":"https:\/\/api.w.org\/{rel}","templated":true}]}}