{"id":8863,"date":"2019-06-20T00:19:09","date_gmt":"2019-06-20T00:19:09","guid":{"rendered":"https:\/\/femepa.org\/web\/?p=8863"},"modified":"2019-06-20T00:19:09","modified_gmt":"2019-06-20T00:19:09","slug":"jornada-de-puertas-abiertas-en-los-centros-de-formacion-de-femepa","status":"publish","type":"post","link":"https:\/\/femepa.org\/web\/jornada-de-puertas-abiertas-en-los-centros-de-formacion-de-femepa\/","title":{"rendered":"Jornada de puertas abiertas en los centros de formaci\u00f3n de Femepa"},"content":{"rendered":"<p>El pr\u00f3ximo<strong> 26 de junio<\/strong>, Femepa te invita a conocer el <strong>Centro de Formaci\u00f3n T\u00e9cnico Profesional del Metal <\/strong>donde se imparte <strong>m\u00e1s de 30 especialidades formativas,<\/strong> tanto privadas como subvencionadas en los oficios del sector del Metal y de las Nuevas Tecnolog\u00edas. En nuestras instalaciones gestionamos proyectos formativos locales, provinciales, auton\u00f3micos, nacionales y europeos, impartiendo m\u00e1s de <strong>200 acciones formativas al a\u00f1o,<\/strong> formando a m\u00e1s de <strong>3.500 alumnos\/as<\/strong>. Se realizar\u00e1n visitas guiadas por todas las instalaciones, pudiendo conocer de primera mano la oferta formativa, as\u00ed como interactuar con el alumnado y profesorado del centro.<\/p>\n<p>La <strong>tasa de inserci\u00f3n del alumnado que finaliza nuestros cursos es del 68%<\/strong>.\u00a0 En Femepa se desarrollan programas espec\u00edficos para ocupados y desempleados, gestionando proyectos de formaci\u00f3n tales con el plan FPED, Funcatra, Agrupado Nacional Sectorial, Programas con compromiso de contrataci\u00f3n, Programas de Formaci\u00f3n en Alternacia con el Empleo (PFAE) de Garant\u00eda Juvenil y mayores de 30 a\u00f1os, programas experimentales, formaci\u00f3n de oferta y demanda de la FUNDAE y m\u00fatiples convenios con ayuntamientos y Cabildo, as\u00ed como ONG\u00b4s como C\u00e1ritas, Cruz Roja Espa\u00f1ola, Fundaci\u00f3n Inserta, entre otras.<\/p>\n<p>Adem\u00e1s, el \u00c1rea de Formaci\u00f3n y Empleo de Femepa, est\u00e1 integrado por un <strong>departamento de Orientaci\u00f3n Profesional para el Empleo<\/strong> con presencia f\u00edsica en todos los municipios de la provincia de Las Palmas, atendiendo m\u00e1s de 30.000 personas desempleadas al a\u00f1o. Durante la visita podremos interactuar con los orientadores de la oficina Puerto Luz.<\/p>\n<p>Por \u00faltimo, tambi\u00e9n podr\u00e1n conocer la <strong>Agencia de Colocaci\u00f3n de Femepa,<\/strong> que atiende las demandas laborales de las <strong>1.600 empresas asociadas a Femepa<\/strong>, consiguiendo un<strong> incremento<\/strong> durante el mes de mayo de un <strong>70% de contrataciones<\/strong> respecto al a\u00f1o anterior.<\/p>\n<p>Lugar<strong>: C\/ Profesor Lozano, 28 El Sebadal. Las Palmas de Gran Canaria<\/strong><\/p>\n<p>Horarios<\/p>\n<ul>\n<li><strong>Ruta 1 de 09:30 a 12:00<\/strong><\/li>\n<li><strong>Ruta 2 de 16:30 a 19:00<\/strong><\/li>\n<\/ul>\n<p>Las especialidades que se podr\u00e1n visitar son las siguientes:<\/p>\n<ul>\n<li>Fontaner\u00eda, Climatizaci\u00f3n y Calefacci\u00f3n.<\/li>\n<li>Refrigeraci\u00f3n Industrial (Frigorista).<\/li>\n<li>Mec\u00e1nica, electricidad y transmisiones de veh\u00edculos.<\/li>\n<li>Mec\u00e1nica de motocicletas (curso exclusivo).<\/li>\n<li>Chapa y Pintura de Veh\u00edculos.<\/li>\n<li>Log\u00edstica y Almac\u00e9n.<\/li>\n<li>Operador de carretillas elevadoras.<\/li>\n<li>Operador de plataformas elevadoras.<\/li>\n<li>Operador de brazos articulados.<\/li>\n<li>Operador de puente gr\u00faa.<\/li>\n<li>Instalaciones el\u00e9ctricas de baja, media y alta tensi\u00f3n.<\/li>\n<li>Automatismos el\u00e9ctricos.<\/li>\n<li>Aut\u00f3matas programables.<\/li>\n<li>Dom\u00f3tica.<\/li>\n<li>Eficiencia Energ\u00e9tica.<\/li>\n<li>Telecomunicaciones.<\/li>\n<li>Instalaciones de Redes de Datos.<\/li>\n<li>Energ\u00eda solar T\u00e9rmica.<\/li>\n<li>Energ\u00eda Solar Fotovoltaica.<\/li>\n<li>Gesti\u00f3n y mantenimiento de Parques E\u00f3licos.<\/li>\n<li>Mec\u00e1nica n\u00e1utica (motores fueraborda e intraborda)<\/li>\n<li>Carpinter\u00eda de Ribera.<\/li>\n<li>Reparaci\u00f3n de cascos de embarcaciones n\u00e1uticas-deportivas.<\/li>\n<li>Soldadura el\u00e9ctrica con electrodos revestidos.<\/li>\n<li>Soldadura MIG-MAG<\/li>\n<li>Soldadura TIG<\/li>\n<li>Soldadura con hilo tubular y cer\u00e1mica de respaldo.<\/li>\n<li>Homologaci\u00f3n de soldadura (3G, 4G y tuber\u00eda a presi\u00f3n 6G).<\/li>\n<li>Instalaci\u00f3n y Mantenimiento de Ascensores.<\/li>\n<li>Control de Plagas.<\/li>\n<li>\u00a0Legionella.<\/li>\n<li>Calderas.<\/li>\n<li>Prevenci\u00f3n de Riesgos Laborales.<\/li>\n<li>Dise\u00f1o WEB<\/li>\n<li>Inform\u00e1tica usuario.<\/li>\n<li>Inform\u00e1tica t\u00e9cnica.<\/li>\n<\/ul>\n<p>&nbsp;<\/p>\n<p>*Durante todo el d\u00eda se atender\u00e1n a las personas interesadas en conocer nuestro centro.<\/p>\n<p>M\u00e1s informaci\u00f3n: 928.47.40.89<\/p>\n","protected":false},"excerpt":{"rendered":"<p>El pr\u00f3ximo 26 de junio, Femepa te invita a conocer el Centro de Formaci\u00f3n T\u00e9cnico Profesional del Metal donde se imparte m\u00e1s de 30 especialidades formativas, tanto privadas como subvencionadas en los oficios del sector del Metal y de las Nuevas Tecnolog\u00edas. En nuestras instalaciones gestionamos proyectos formativos locales, provinciales, auton\u00f3micos, nacionales y europeos, impartiendo [&hellip;]<\/p>\n","protected":false},"author":4,"featured_media":8875,"comment_status":"closed","ping_status":"closed","sticky":false,"template":"","format":"standard","meta":{"_acf_changed":false,"rs_blank_template":"","rs_page_bg_color":"","slide_template_v7":"","footnotes":""},"categories":[1],"tags":[705,180,64,143,940,843],"class_list":["post-8863","post","type-post","status-publish","format-standard","has-post-thumbnail","hentry","category-sin-categoria","tag-agencia-de-colocacion","tag-empleo","tag-femepa","tag-formacion","tag-jornada-de-puertas-abiertas","tag-orientacion-laboral"],"acf":[],"_links":{"self":[{"href":"https:\/\/femepa.org\/web\/wp-json\/wp\/v2\/posts\/8863","targetHints":{"allow":["GET"]}}],"collection":[{"href":"https:\/\/femepa.org\/web\/wp-json\/wp\/v2\/posts"}],"about":[{"href":"https:\/\/femepa.org\/web\/wp-json\/wp\/v2\/types\/post"}],"author":[{"embeddable":true,"href":"https:\/\/femepa.org\/web\/wp-json\/wp\/v2\/users\/4"}],"replies":[{"embeddable":true,"href":"https:\/\/femepa.org\/web\/wp-json\/wp\/v2\/comments?post=8863"}],"version-history":[{"count":0,"href":"https:\/\/femepa.org\/web\/wp-json\/wp\/v2\/posts\/8863\/revisions"}],"wp:featuredmedia":[{"embeddable":true,"href":"https:\/\/femepa.org\/web\/wp-json\/wp\/v2\/media\/8875"}],"wp:attachment":[{"href":"https:\/\/femepa.org\/web\/wp-json\/wp\/v2\/media?parent=8863"}],"wp:term":[{"taxonomy":"category","embeddable":true,"href":"https:\/\/femepa.org\/web\/wp-json\/wp\/v2\/categories?post=8863"},{"taxonomy":"post_tag","embeddable":true,"href":"https:\/\/femepa.org\/web\/wp-json\/wp\/v2\/tags?post=8863"}],"curies":[{"name":"wp","href":"https:\/\/api.w.org\/{rel}","templated":true}]}}