{"id":9200,"date":"2019-07-05T07:31:52","date_gmt":"2019-07-05T07:31:52","guid":{"rendered":"https:\/\/femepa.org\/web\/?p=9200"},"modified":"2019-07-05T07:31:52","modified_gmt":"2019-07-05T07:31:52","slug":"oferta-formativa-julio-2019-dirigida-tanto-a-desempelados-as-como-ocupados-as","status":"publish","type":"post","link":"https:\/\/femepa.org\/web\/oferta-formativa-julio-2019-dirigida-tanto-a-desempelados-as-como-ocupados-as\/","title":{"rendered":"Oferta Formativa julio 2019 dirigida tanto a desempelados\/as como ocupados\/as"},"content":{"rendered":"<p>La formaci\u00f3n en Femepa no para por vacaciones.<\/p>\n<p>Este mes de julio daremos comienzo a los siguientes cursos:<\/p>\n<table width=\"1089\">\n<tbody>\n<tr>\n<td width=\"416\"><strong>Curso<\/strong><\/td>\n<td width=\"57\"><strong>Horas<\/strong><\/td>\n<td width=\"95\"><strong>Modalidad<\/strong><\/td>\n<td width=\"145\"><strong>Dirigido a<\/strong><\/td>\n<td width=\"92\"><strong>Isla<\/strong><\/td>\n<td width=\"65\"><strong>Inicio<\/strong><\/td>\n<td width=\"65\"><strong>Fin<\/strong><\/td>\n<td width=\"143\"><strong>Inscripci\u00f3n<\/strong><\/td>\n<\/tr>\n<tr>\n<td width=\"416\"><strong>\u00a0<\/strong><strong>Normas de Operaci\u00f3n de las Redes de Distribuci\u00f3n El\u00e9ctrica<\/strong><\/td>\n<td width=\"57\">30<\/td>\n<td width=\"95\">Presencial<\/td>\n<td width=\"145\">Ocupados sector metal<\/td>\n<td width=\"92\">Gran Canaria<\/td>\n<td width=\"65\">06\/07\/2019<\/td>\n<td width=\"65\">03\/08\/2019<\/td>\n<td width=\"143\"><\/td>\n<\/tr>\n<tr>\n<td width=\"416\"><strong>Montaje y Mantenimiento de M\u00e1quinas El\u00e9ctricas.<\/strong><\/td>\n<td width=\"57\">180<\/td>\n<td width=\"95\">Presencial<\/td>\n<td width=\"145\">Desempleados<\/td>\n<td width=\"92\">Gran Canaria<\/td>\n<td width=\"65\">08\/07\/2019<\/td>\n<td width=\"65\">2\/08\/2019<\/td>\n<td width=\"143\"><\/td>\n<\/tr>\n<tr>\n<td width=\"416\"><strong>Mantenimiento de Ascensores y otros equipos fijos de Elevaci\u00f3n y Transporte<\/strong><\/td>\n<td width=\"57\">210<\/td>\n<td width=\"95\">Presencial<\/td>\n<td width=\"145\">Ocupados sector construcci\u00f3n y desempleados<\/td>\n<td width=\"92\">Gran Canaria<\/td>\n<td width=\"65\">11\/07\/2019<\/td>\n<td width=\"65\">26\/09\/2019<\/td>\n<td width=\"143\"><\/td>\n<\/tr>\n<tr>\n<td width=\"416\"><strong>\u00a0<\/strong><strong>Carpinter\u00eda de Metal<\/strong><\/td>\n<td width=\"57\">90<\/td>\n<td width=\"95\">Presencial<\/td>\n<td width=\"145\">Ocupados sector metal<\/td>\n<td width=\"92\">Gran Canaria<\/td>\n<td width=\"65\">15\/07\/2019<\/td>\n<td width=\"65\">14\/08\/2019<\/td>\n<td width=\"143\"><\/td>\n<\/tr>\n<tr>\n<td width=\"416\"><strong>\u00a0<\/strong><strong>Actividades Auxiliares de Almac\u00e9n<\/strong><\/td>\n<td width=\"57\">170<\/td>\n<td width=\"95\">Presencial<\/td>\n<td width=\"145\">Desempleados<\/td>\n<td width=\"92\">Gran Canaria<\/td>\n<td width=\"65\">15\/07\/2019<\/td>\n<td width=\"65\">23\/08\/2019<\/td>\n<td width=\"143\"><\/td>\n<\/tr>\n<tr>\n<td width=\"416\"><strong>\u00a0<\/strong><strong>Reparaci\u00f3n r\u00e1pida de Chapa mediante Sistemas de Varillas y Ventosas<\/strong><\/td>\n<td width=\"57\">20<\/td>\n<td width=\"95\">Presencial<\/td>\n<td width=\"145\">Desempleados<\/td>\n<td width=\"92\">Gran Canaria<\/td>\n<td width=\"65\">15\/07\/2019<\/td>\n<td width=\"65\">18\/07\/2019<\/td>\n<td width=\"143\"><\/td>\n<\/tr>\n<tr>\n<td width=\"416\"><strong>Electricidad Nivel B\u00e1sico i. <\/strong><\/td>\n<td width=\"57\">60<\/td>\n<td width=\"95\">Teleformaci\u00f3n<\/td>\n<td width=\"145\">Ocupados sector construcci\u00f3n y desempleados<\/td>\n<td width=\"92\">Fuerteventura<\/td>\n<td width=\"65\">16\/07\/2019<\/td>\n<td width=\"65\">05\/08\/2019<\/td>\n<td width=\"143\"><\/td>\n<\/tr>\n<tr>\n<td width=\"416\"><strong>\u00a0<\/strong><strong>PRL. Nivel B\u00e1sico: Actividades del Metal en la Construcci\u00f3n<\/strong><\/td>\n<td width=\"57\">60<\/td>\n<td width=\"95\">Presencial<\/td>\n<td width=\"145\">Desempleados<\/td>\n<td width=\"92\">Gran Canaria<\/td>\n<td width=\"65\">17\/07\/2019<\/td>\n<td width=\"65\">30\/07\/2019<\/td>\n<td width=\"143\"><\/td>\n<\/tr>\n<tr>\n<td width=\"416\"><strong>Electricidad Nivel B\u00e1sico i.<\/strong><\/td>\n<td width=\"57\">60<\/td>\n<td width=\"95\">Teleformaci\u00f3n<\/td>\n<td width=\"145\">Ocupados sector construcci\u00f3n y desempleados<\/td>\n<td width=\"92\">Lanzarote<\/td>\n<td width=\"65\">18\/07\/2019<\/td>\n<td width=\"65\">07\/08\/2019<\/td>\n<td width=\"143\"><\/td>\n<\/tr>\n<tr>\n<td width=\"416\"><strong>Procesos de Soldadura para el Sector Pesquero<\/strong><\/td>\n<td width=\"57\">60<\/td>\n<td width=\"95\">Presencial<\/td>\n<td width=\"145\">Ocupados del sector y desempleados<\/td>\n<td width=\"92\">Gran Canaria<\/td>\n<td width=\"65\">20\/07\/2019<\/td>\n<td width=\"65\">14\/09\/2019<\/td>\n<td width=\"143\"><\/td>\n<\/tr>\n<tr>\n<td width=\"416\"><strong>Instalaci\u00f3n de Ascensores y otros equipos fijos de Elevaci\u00f3n y transporte <\/strong><\/td>\n<td width=\"57\">270<\/td>\n<td width=\"95\">Presencial<\/td>\n<td width=\"145\">Ocupados sector metal<\/td>\n<td width=\"92\">Gran Canaria<\/td>\n<td width=\"65\">26\/07\/2019<\/td>\n<td width=\"65\">11\/10\/2019<\/td>\n<td width=\"143\"><\/td>\n<\/tr>\n<tr>\n<td width=\"416\"><strong>Montaje y Mantenimiento de Redes El\u00e9ctricas subterr\u00e1neas de Baja Tensi\u00f3n<\/strong><\/td>\n<td width=\"57\">110<\/td>\n<td width=\"95\">Presencial<\/td>\n<td width=\"145\">Ocupados sector construcci\u00f3n y desempleados<\/td>\n<td width=\"92\">Gran Canaria<\/td>\n<td width=\"65\">30\/07\/2019<\/td>\n<td width=\"65\">06\/09\/2019<\/td>\n<td width=\"143\"><a href=\"http:\/\/bit.ly\/3087Pah\">http:\/\/bit.ly\/3087Pah<\/a><\/td>\n<\/tr>\n<\/tbody>\n<\/table>\n<p>&nbsp;<\/p>\n<p>Si quisiera recibir m\u00e1s informaci\u00f3n y realizar la preinscripci\u00f3n en cualquiera de nuestros cursos, puede dirigirse al apartado \u201cOferta Formativa\u201d en nuestra web:<\/p>\n<p><a href=\"http:\/\/bit.ly\/2l82uNR\">http:\/\/bit.ly\/2l82uNR<\/a><\/p>\n<p>Para una atenci\u00f3n personalizada, puede dirigirse al departamento de Formaci\u00f3n: 928 474 089.<\/p>\n","protected":false},"excerpt":{"rendered":"<p>La formaci\u00f3n en Femepa no para por vacaciones. Este mes de julio daremos comienzo a los siguientes cursos: Curso Horas Modalidad Dirigido a Isla Inicio Fin Inscripci\u00f3n \u00a0Normas de Operaci\u00f3n de las Redes de Distribuci\u00f3n El\u00e9ctrica 30 Presencial Ocupados sector metal Gran Canaria 06\/07\/2019 03\/08\/2019 Montaje y Mantenimiento de M\u00e1quinas El\u00e9ctricas. 180 Presencial Desempleados Gran [&hellip;]<\/p>\n","protected":false},"author":4,"featured_media":9227,"comment_status":"closed","ping_status":"closed","sticky":false,"template":"","format":"standard","meta":{"_acf_changed":false,"rs_blank_template":"","rs_page_bg_color":"","slide_template_v7":"","footnotes":""},"categories":[1],"tags":[689,697,143,948,720,587],"class_list":["post-9200","post","type-post","status-publish","format-standard","has-post-thumbnail","hentry","category-sin-categoria","tag-cursos-gratuitos","tag-desempleados","tag-formacion","tag-funcatra","tag-ocupados","tag-servicio-canario-de-empleo"],"acf":[],"_links":{"self":[{"href":"https:\/\/femepa.org\/web\/wp-json\/wp\/v2\/posts\/9200","targetHints":{"allow":["GET"]}}],"collection":[{"href":"https:\/\/femepa.org\/web\/wp-json\/wp\/v2\/posts"}],"about":[{"href":"https:\/\/femepa.org\/web\/wp-json\/wp\/v2\/types\/post"}],"author":[{"embeddable":true,"href":"https:\/\/femepa.org\/web\/wp-json\/wp\/v2\/users\/4"}],"replies":[{"embeddable":true,"href":"https:\/\/femepa.org\/web\/wp-json\/wp\/v2\/comments?post=9200"}],"version-history":[{"count":0,"href":"https:\/\/femepa.org\/web\/wp-json\/wp\/v2\/posts\/9200\/revisions"}],"wp:featuredmedia":[{"embeddable":true,"href":"https:\/\/femepa.org\/web\/wp-json\/wp\/v2\/media\/9227"}],"wp:attachment":[{"href":"https:\/\/femepa.org\/web\/wp-json\/wp\/v2\/media?parent=9200"}],"wp:term":[{"taxonomy":"category","embeddable":true,"href":"https:\/\/femepa.org\/web\/wp-json\/wp\/v2\/categories?post=9200"},{"taxonomy":"post_tag","embeddable":true,"href":"https:\/\/femepa.org\/web\/wp-json\/wp\/v2\/tags?post=9200"}],"curies":[{"name":"wp","href":"https:\/\/api.w.org\/{rel}","templated":true}]}}