{"id":9221,"date":"2019-07-05T08:50:13","date_gmt":"2019-07-05T08:50:13","guid":{"rendered":"https:\/\/femepa.org\/web\/?p=9221"},"modified":"2019-07-05T08:50:13","modified_gmt":"2019-07-05T08:50:13","slug":"femepa-revalida-su-sello-de-excelencia-europeo-500-obteniendo-una-puntuacion-de-549","status":"publish","type":"post","link":"https:\/\/femepa.org\/web\/femepa-revalida-su-sello-de-excelencia-europeo-500-obteniendo-una-puntuacion-de-549\/","title":{"rendered":"Femepa revalida su sello de Excelencia Europeo EFQM+500"},"content":{"rendered":"<p>El pasado mes de junio Femepa se someti\u00f3 a un proceso de evaluaci\u00f3n basado en el Modelo\u00a0 EFQM de Excelencia.<\/p>\n<p>Dos evaluadores,\u00a0 Alejandro San Nicol\u00e1s Medina, Evaluador Senior y Coordinador de Equipos de Evaluaci\u00f3n de Bureau Veritas Certificaci\u00f3n y Vicente de Diego P\u00e9rez Evaluador Senior del Club Excelencia en Gesti\u00f3n, mantuvieron reuniones con el equipo directivo, realizaron entrevistas con empleados in situ y visitaron las instalaciones de Femepa.<\/p>\n<p>Los evaluadores destacaron, entre otros aspectos, la eficacia y el compromiso de todas las personas con el proyecto, as\u00ed como la capacidad de responder a las cuestiones abordadas, demostrada por todo el personal.<\/p>\n<p>Adem\u00e1s se puso de manifiesto el alto grado de cooperaci\u00f3n del equipo directivo, que dio muestras de un liderazgo total y del resto de personal entrevistado, sin el cual no hubiese sido posible alcanzar el grado de objetividad conseguido, permitiendo un desarrollo fluido y consistente de la evaluaci\u00f3n.<\/p>\n<p>Se destaca, as\u00ed mismo, en el informe emitido, que los resultados son positivos de forma general y en constante crecimiento en el \u00faltimo ciclo, posicionando a Femepa como l\u00edder local en ejecuci\u00f3n de proyectos p\u00fablicos. Del mismo modo se ha orientado su negocio a un mercado no p\u00fablico, tratando de generar servicios y productos producidos por la misma Federaci\u00f3n, sin depender de ayudas p\u00fablicas.<\/p>\n<p>&#8220;Federaci\u00f3n de referencia nacional&#8221; que seguir\u00e1 trabajando en las \u00e1reas de mejora propuestas por el equipo evaluador para ser aun m\u00e1s excelentes.<\/p>\n","protected":false},"excerpt":{"rendered":"<p>El pasado mes de junio Femepa se someti\u00f3 a un proceso de evaluaci\u00f3n basado en el Modelo\u00a0 EFQM de Excelencia. Dos evaluadores,\u00a0 Alejandro San Nicol\u00e1s Medina, Evaluador Senior y Coordinador de Equipos de Evaluaci\u00f3n de Bureau Veritas Certificaci\u00f3n y Vicente de Diego P\u00e9rez Evaluador Senior del Club Excelencia en Gesti\u00f3n, mantuvieron reuniones con el equipo [&hellip;]<\/p>\n","protected":false},"author":4,"featured_media":9234,"comment_status":"closed","ping_status":"closed","sticky":false,"template":"","format":"standard","meta":{"_acf_changed":false,"rs_blank_template":"","rs_page_bg_color":"","slide_template_v7":"","footnotes":""},"categories":[1],"tags":[102,957,103],"class_list":["post-9221","post","type-post","status-publish","format-standard","has-post-thumbnail","hentry","category-sin-categoria","tag-calidad","tag-efqm","tag-excelencia"],"acf":[],"_links":{"self":[{"href":"https:\/\/femepa.org\/web\/wp-json\/wp\/v2\/posts\/9221","targetHints":{"allow":["GET"]}}],"collection":[{"href":"https:\/\/femepa.org\/web\/wp-json\/wp\/v2\/posts"}],"about":[{"href":"https:\/\/femepa.org\/web\/wp-json\/wp\/v2\/types\/post"}],"author":[{"embeddable":true,"href":"https:\/\/femepa.org\/web\/wp-json\/wp\/v2\/users\/4"}],"replies":[{"embeddable":true,"href":"https:\/\/femepa.org\/web\/wp-json\/wp\/v2\/comments?post=9221"}],"version-history":[{"count":0,"href":"https:\/\/femepa.org\/web\/wp-json\/wp\/v2\/posts\/9221\/revisions"}],"wp:featuredmedia":[{"embeddable":true,"href":"https:\/\/femepa.org\/web\/wp-json\/wp\/v2\/media\/9234"}],"wp:attachment":[{"href":"https:\/\/femepa.org\/web\/wp-json\/wp\/v2\/media?parent=9221"}],"wp:term":[{"taxonomy":"category","embeddable":true,"href":"https:\/\/femepa.org\/web\/wp-json\/wp\/v2\/categories?post=9221"},{"taxonomy":"post_tag","embeddable":true,"href":"https:\/\/femepa.org\/web\/wp-json\/wp\/v2\/tags?post=9221"}],"curies":[{"name":"wp","href":"https:\/\/api.w.org\/{rel}","templated":true}]}}