{"id":9285,"date":"2019-08-06T07:45:26","date_gmt":"2019-08-06T07:45:26","guid":{"rendered":"https:\/\/femepa.org\/web\/?p=9285"},"modified":"2019-08-06T07:45:26","modified_gmt":"2019-08-06T07:45:26","slug":"programa-de-incentivos-a-la-movilidad-eficiente-y-sostenible-programa-moves","status":"publish","type":"post","link":"https:\/\/femepa.org\/web\/programa-de-incentivos-a-la-movilidad-eficiente-y-sostenible-programa-moves\/","title":{"rendered":"Programa de Incentivos a la movilidad eficiente y sostenible: Programa MOVES"},"content":{"rendered":"<p style=\"text-align: justify;\"><strong>Objeto:<\/strong><\/p>\n<p style=\"text-align: justify;\">Podr\u00e1n acceder a estas ayudas las actuaciones de apoyo a la movilidad basada en criterios de eficiencia energ\u00e9tica, sostenibilidad e impulso del uso de energ\u00edas alternativas, incluida la disposici\u00f3n de las infraestructuras de recarga de veh\u00edculos el\u00e9ctricos adecuadas.<\/p>\n<p style=\"text-align: justify;\">\n<p style=\"text-align: justify;\"><strong>Actuaciones:<\/strong><\/p>\n<ul style=\"text-align: justify;\">\n<li>Actuaci\u00f3n 1: Adquisici\u00f3n de veh\u00edculos de energ\u00edas alternativas, siendo obligatorio el achatarramiento de un veh\u00edculo M1 de m\u00e1s de diez a\u00f1os o de un veh\u00edculo N1 de m\u00e1s de siete a\u00f1os para las adquisiciones de veh\u00edculos nuevos M1 o N1.<\/li>\n<li>Actuaci\u00f3n 2: Implantaci\u00f3n de infraestructura de recarga de veh\u00edculos el\u00e9ctricos.<\/li>\n<li>Actuaci\u00f3n 3: Implantaci\u00f3n de sistemas de pr\u00e9stamos de bicicletas el\u00e9ctricas.<\/li>\n<\/ul>\n<p style=\"text-align: justify;\">\n<strong>Plazo de presentaci\u00f3n de solicitudes:<\/strong> desde publicaci\u00f3n en el BOC el 24\/06\/19, hasta el 31 de diciembre de 2019, fecha de cierre del programa, o hasta que, conforme a las solicitudes recibidas, se agote el presupuesto disponible.<\/p>\n<p style=\"text-align: justify;\">\n<p style=\"text-align: justify;\"><strong>Beneficiarios:<\/strong><\/p>\n<p style=\"text-align: justify;\">Podr\u00e1n ser beneficiarios de las <u>Actuaciones 1 y 2 <\/u>definidas en el Anexo I de las bases reguladoras:<\/p>\n<ol style=\"text-align: justify;\">\n<li>a) Los profesionales aut\u00f3nomos.<\/li>\n<li>b) Las personas f\u00edsicas mayores de edad residentes en Espa\u00f1a no incluidas en el anterior apartado.<\/li>\n<li>c) Las Comunidades de propietarios.<\/li>\n<li>d) Las personas jur\u00eddicas, v\u00e1lidamente constituidas en Espa\u00f1a en el momento de presentar la solicitud, y otras entidades.<\/li>\n<li>e) El sector p\u00fablico.<\/li>\n<\/ol>\n<p style=\"text-align: justify;\">\n<p style=\"text-align: justify;\">Podr\u00e1n ser beneficiarios de la <u>Actuaci\u00f3n 3<\/u>:<\/p>\n<p style=\"text-align: justify;\">Todos los enumerados para las <u>actuaciones 1 y 2 a excepci\u00f3n de los identificados en los apartados b) y c) respectivamente, relativos a personas f\u00edsicas y comunidades de propietarios.<\/u><\/p>\n<p style=\"text-align: justify;\">\n<table>\n<tbody>\n<tr>\n<td><strong>Cuant\u00eda<\/strong><\/p>\n<p>La cuant\u00eda de las ayudas se incluye en el Anexo III de las bases reguladoras, seg\u00fan actuaci\u00f3n:<\/p>\n<p>&nbsp;<\/p>\n<p>&#8211;\u00a0\u00a0\u00a0\u00a0\u00a0\u00a0\u00a0\u00a0\u00a0 Actuaci\u00f3n 1: se establece un l\u00edmite de ayudas de 30 veh\u00edculos por destinatario \u00faltimo salvo para personas f\u00edsicas que tendr\u00e1n un l\u00edmite de un veh\u00edculo por destinatario \u00faltimo. Cuantificaci\u00f3n seg\u00fan beneficiario, tipolog\u00eda de veh\u00edculo y motorizaci\u00f3n.<\/p>\n<p>&#8211;\u00a0\u00a0\u00a0\u00a0\u00a0\u00a0\u00a0\u00a0\u00a0 Actuaci\u00f3n 2: se establece un l\u00edmite de ayudas de 100.000 euros por destinatario \u00faltimo y convocatoria. La ayuda ser\u00e1 el 30% del coste subvencionable para empresas privadas y del 40% para personas f\u00edsicas, comunidades de propietarios y entidades p\u00fablicas sin actividad comercial o mercantil.<\/p>\n<p>&#8211;\u00a0\u00a0\u00a0\u00a0\u00a0\u00a0\u00a0\u00a0\u00a0 Actuaci\u00f3n 3: se establece un l\u00edmite de ayudas de 100.000 euros por destinatario \u00faltimo y convocatoria. La ayuda ser\u00e1 el 30% del coste subvencionable.<\/td>\n<\/tr>\n<\/tbody>\n<\/table>\n<p style=\"text-align: justify;\"><strong>\u00a0<\/strong><\/p>\n<p style=\"text-align: justify;\"><strong>Forma de presentaci\u00f3n de Solicitudes<\/strong><\/p>\n<p style=\"text-align: justify;\">&#8211;\u00a0\u00a0\u00a0\u00a0\u00a0\u00a0\u00a0\u00a0\u00a0 Personas Jur\u00eddicas: obligatoriamente a trav\u00e9s del aplicativo inform\u00e1tico de gesti\u00f3n de la convocatoria, ubicado en la sede electr\u00f3nica de la Consejer\u00eda de Econom\u00eda, Industria, Comercio y Conocimiento: <a href=\"https:\/\/sede.gobcan.es\/sede\/tramites\/6010\">https:\/\/sede.gobcan.es\/sede\/tramites\/6010<\/a>.<\/p>\n<p style=\"text-align: justify;\">&#8211;\u00a0\u00a0\u00a0\u00a0\u00a0\u00a0\u00a0\u00a0\u00a0 Personas F\u00edsicas: podr\u00e1n efectuar su solicitud mediante la cumplimentaci\u00f3n del modelo normalizado de solicitud disponible en <a href=\"https:\/\/sede.gobcan.es\/sede\/tramites\/6010\">https:\/\/sede.gobcan.es\/sede\/tramites\/6010<\/a>, imprimiendo, firmando y presentando el mismo en formato papel para su registro.<\/p>\n<p style=\"text-align: justify;\"><strong>\u00a0<\/strong><\/p>\n<p style=\"text-align: justify;\"><strong>Realizaci\u00f3n y justificaci\u00f3n<\/strong><\/p>\n<p style=\"text-align: justify;\">Las inversiones subvencionables con cargo a la presente convocatoria, deber\u00e1n iniciarse seg\u00fan lo establecido para cada l\u00ednea de actuaci\u00f3n en el anexo I del Real Decreto 72\/2019.<\/p>\n<p style=\"text-align: justify;\">En aplicaci\u00f3n del apartado 7 del art\u00edculo 11 del Real Decreto 72\/2019, el plazo de realizaci\u00f3n y justificaci\u00f3n de la actuaci\u00f3n por parte de los beneficiarios ser\u00e1 de:<\/p>\n<p style=\"text-align: justify;\">\u00a0\u00a0\u00a0\u00a0\u00a0 &#8211; Doce meses contados desde la fecha de la notificaci\u00f3n de la resoluci\u00f3n de concesi\u00f3n, para actuaciones a las que se haya concedido abono anticipado.<\/p>\n<p style=\"text-align: justify;\">\u00a0\u00a0\u00a0\u00a0\u00a0 &#8211; Para el resto de las actuaciones, el plazo ser\u00e1 el previsto en la Orden de concesi\u00f3n, no pudiendo superar el 30 de noviembre de 2019.<\/p>\n<p style=\"text-align: justify;\">\n<p style=\"text-align: justify;\"><em>Para m\u00e1s informaci\u00f3n, puedes contactar con la T\u00e9cnica de Innovaci\u00f3n de Femepa, al tel\u00e9fono 928296161\u00a0o a trav\u00e9s del correo electr\u00f3nico <a href=\"mailto:obdulia.martin@femepa.es\">obdulia.martin@femepa.es<\/a><\/em><\/p>\n","protected":false},"excerpt":{"rendered":"<p>Objeto: Podr\u00e1n acceder a estas ayudas las actuaciones de apoyo a la movilidad basada en criterios de eficiencia energ\u00e9tica, sostenibilidad e impulso del uso de energ\u00edas alternativas, incluida la disposici\u00f3n de las infraestructuras de recarga de veh\u00edculos el\u00e9ctricos adecuadas. Actuaciones: Actuaci\u00f3n 1: Adquisici\u00f3n de veh\u00edculos de energ\u00edas alternativas, siendo obligatorio el achatarramiento de un veh\u00edculo [&hellip;]<\/p>\n","protected":false},"author":4,"featured_media":9289,"comment_status":"closed","ping_status":"closed","sticky":false,"template":"","format":"standard","meta":{"_acf_changed":false,"rs_blank_template":"","rs_page_bg_color":"","slide_template_v7":"","footnotes":""},"categories":[1],"tags":[962,963,487,64,964,161,965],"class_list":["post-9285","post","type-post","status-publish","format-standard","has-post-thumbnail","hentry","category-sin-categoria","tag-bicicletas-electricas","tag-energias-alternativas","tag-energias-renovables","tag-femepa","tag-recarga","tag-red-cide","tag-vehiculos"],"acf":[],"_links":{"self":[{"href":"https:\/\/femepa.org\/web\/wp-json\/wp\/v2\/posts\/9285","targetHints":{"allow":["GET"]}}],"collection":[{"href":"https:\/\/femepa.org\/web\/wp-json\/wp\/v2\/posts"}],"about":[{"href":"https:\/\/femepa.org\/web\/wp-json\/wp\/v2\/types\/post"}],"author":[{"embeddable":true,"href":"https:\/\/femepa.org\/web\/wp-json\/wp\/v2\/users\/4"}],"replies":[{"embeddable":true,"href":"https:\/\/femepa.org\/web\/wp-json\/wp\/v2\/comments?post=9285"}],"version-history":[{"count":0,"href":"https:\/\/femepa.org\/web\/wp-json\/wp\/v2\/posts\/9285\/revisions"}],"wp:featuredmedia":[{"embeddable":true,"href":"https:\/\/femepa.org\/web\/wp-json\/wp\/v2\/media\/9289"}],"wp:attachment":[{"href":"https:\/\/femepa.org\/web\/wp-json\/wp\/v2\/media?parent=9285"}],"wp:term":[{"taxonomy":"category","embeddable":true,"href":"https:\/\/femepa.org\/web\/wp-json\/wp\/v2\/categories?post=9285"},{"taxonomy":"post_tag","embeddable":true,"href":"https:\/\/femepa.org\/web\/wp-json\/wp\/v2\/tags?post=9285"}],"curies":[{"name":"wp","href":"https:\/\/api.w.org\/{rel}","templated":true}]}}