{"id":9292,"date":"2019-08-07T11:24:04","date_gmt":"2019-08-07T11:24:04","guid":{"rendered":"https:\/\/femepa.org\/web\/?p=9292"},"modified":"2019-08-07T11:24:04","modified_gmt":"2019-08-07T11:24:04","slug":"asci-aprueba-sus-cuentas-de-2018-y-propone-un-taller-de-formacion-en-femepa","status":"publish","type":"post","link":"https:\/\/femepa.org\/web\/asci-aprueba-sus-cuentas-de-2018-y-propone-un-taller-de-formacion-en-femepa\/","title":{"rendered":"ASCI aprueba sus cuentas de 2018 y propone un taller de formaci\u00f3n en Femepa"},"content":{"rendered":"<p style=\"text-align: justify;\">La Asociaci\u00f3n Provincial de Empresas Instaladoras y Mantenedoras de Sistemas Contra Incendios de Las Palmas (ACSI) celebr\u00f3 -el pasado 25 de julio- su Asamblea General Ordinaria, con los objetivos de aprobar las cuentas de 2018 y presentar la propuesta de presupuesto del presente a\u00f1o.<\/p>\n<p style=\"text-align: justify;\">Asimismo, procedi\u00f3 a informar a los asistentes de lo acontecido durante el pasado ejercicio, tanto en lo referente a los encuentros mantenidos con la Consejer\u00eda de Industria y otras instituciones, como a la celebraci\u00f3n de las jornadas y servicios prestados. Adem\u00e1s, se propuso la creaci\u00f3n de un taller de formaci\u00f3n para la recarga y mantenimiento de extintores, a llevar a cabo este a\u00f1o en las instalaciones de Femepa en El Sebadal.<\/p>\n<p style=\"text-align: justify;\">Este encuentro, que finaliz\u00f3 con el tradicional almuerzo de hermandad, tambi\u00e9n cont\u00f3 con la participaci\u00f3n del presidente de Femepa, Vicente Marrero, que aprovech\u00f3 la ocasi\u00f3n para exponer los proyectos de futuro de la organizaci\u00f3n.<\/p>\n","protected":false},"excerpt":{"rendered":"<p>La Asociaci\u00f3n Provincial de Empresas Instaladoras y Mantenedoras de Sistemas Contra Incendios de Las Palmas (ACSI) celebr\u00f3 -el pasado 25 de julio- su Asamblea General Ordinaria, con los objetivos de aprobar las cuentas de 2018 y presentar la propuesta de presupuesto del presente a\u00f1o. Asimismo, procedi\u00f3 a informar a los asistentes de lo acontecido durante [&hellip;]<\/p>\n","protected":false},"author":4,"featured_media":9293,"comment_status":"closed","ping_status":"closed","sticky":false,"template":"","format":"standard","meta":{"_acf_changed":false,"rs_blank_template":"","rs_page_bg_color":"","slide_template_v7":"","footnotes":""},"categories":[1],"tags":[967,968,64,66,969,970,137],"class_list":["post-9292","post","type-post","status-publish","format-standard","has-post-thumbnail","hentry","category-sin-categoria","tag-asci","tag-consejeria-de-industria","tag-femepa","tag-las-palmas","tag-sistema-contra-incendio","tag-sistemas-contra-incendios","tag-vicente-marrero"],"acf":[],"_links":{"self":[{"href":"https:\/\/femepa.org\/web\/wp-json\/wp\/v2\/posts\/9292","targetHints":{"allow":["GET"]}}],"collection":[{"href":"https:\/\/femepa.org\/web\/wp-json\/wp\/v2\/posts"}],"about":[{"href":"https:\/\/femepa.org\/web\/wp-json\/wp\/v2\/types\/post"}],"author":[{"embeddable":true,"href":"https:\/\/femepa.org\/web\/wp-json\/wp\/v2\/users\/4"}],"replies":[{"embeddable":true,"href":"https:\/\/femepa.org\/web\/wp-json\/wp\/v2\/comments?post=9292"}],"version-history":[{"count":0,"href":"https:\/\/femepa.org\/web\/wp-json\/wp\/v2\/posts\/9292\/revisions"}],"wp:featuredmedia":[{"embeddable":true,"href":"https:\/\/femepa.org\/web\/wp-json\/wp\/v2\/media\/9293"}],"wp:attachment":[{"href":"https:\/\/femepa.org\/web\/wp-json\/wp\/v2\/media?parent=9292"}],"wp:term":[{"taxonomy":"category","embeddable":true,"href":"https:\/\/femepa.org\/web\/wp-json\/wp\/v2\/categories?post=9292"},{"taxonomy":"post_tag","embeddable":true,"href":"https:\/\/femepa.org\/web\/wp-json\/wp\/v2\/tags?post=9292"}],"curies":[{"name":"wp","href":"https:\/\/api.w.org\/{rel}","templated":true}]}}