{"id":9342,"date":"2019-09-05T09:11:20","date_gmt":"2019-09-05T09:11:20","guid":{"rendered":"https:\/\/femepa.org\/web\/?p=9342"},"modified":"2019-09-05T09:11:20","modified_gmt":"2019-09-05T09:11:20","slug":"el-teatro-guiniguada-acogera-la-conmemoracion-del-hundimiento-del-valbanera-con-entrada-gratuita","status":"publish","type":"post","link":"https:\/\/femepa.org\/web\/el-teatro-guiniguada-acogera-la-conmemoracion-del-hundimiento-del-valbanera-con-entrada-gratuita\/","title":{"rendered":"El Teatro Guiniguada acoger\u00e1 la conmemoraci\u00f3n del hundimiento del Valbanera con entrada gratuita"},"content":{"rendered":"<p style=\"text-align: justify;\">El pr\u00f3ximo martes 10 de septiembre, a partir de las 20:00 horas, se celebrar\u00e1 el acto central del centenario del hundimiento del Valbanera en el Teatro Guiniguada de la capital grancanaria (C\/ Mesa de Le\u00f3n, 2). En \u00e9l, se recordar\u00e1 al vapor que naufrag\u00f3 en aguas cubanas en 1919, dado que supuso el episodio m\u00e1s se\u00f1alado de la emigraci\u00f3n del archipi\u00e9lago, al viajar cargado de canarios y canarias.<\/p>\n<p style=\"text-align: justify;\">Esta cita pretende, por tanto, reconocer no s\u00f3lo a los que perecieron en aquel accidente, sino tambi\u00e9n homenajear al emigrante canario que se ve obligado a abandonar su tierra por necesidad y a las familias que, en consecuencia, se desprenden de sus seres queridos.<\/p>\n<p style=\"text-align: justify;\">Para ello, se ha preparado una interesante velada, de acceso gratuito (invitaciones en ), en la que no faltar\u00e1 la m\u00fasica y el teatro, con la representaci\u00f3n: \u201cYo viaj\u00e9 en el Valbanera\u201d, entre otros atractivos.<\/p>\n<p style=\"text-align: justify;\">Este acto supone, adem\u00e1s, la culminaci\u00f3n de una serie de actividades y comunicaciones que el <a href=\"http:\/\/www.museoelder.org\/\" target=\"_blank\" rel=\"noopener noreferrer\">Museo Elder<\/a>, junto al respaldo de otras entidades y al trabajo de la Asociaci\u00f3n Cultural Salsipuedes, ha querido llevar a cabo para que este importante hecho no caiga en el olvido.<\/p>\n","protected":false},"excerpt":{"rendered":"<p>El pr\u00f3ximo martes 10 de septiembre, a partir de las 20:00 horas, se celebrar\u00e1 el acto central del centenario del hundimiento del Valbanera en el Teatro Guiniguada de la capital grancanaria (C\/ Mesa de Le\u00f3n, 2). En \u00e9l, se recordar\u00e1 al vapor que naufrag\u00f3 en aguas cubanas en 1919, dado que supuso el episodio m\u00e1s [&hellip;]<\/p>\n","protected":false},"author":4,"featured_media":9343,"comment_status":"closed","ping_status":"closed","sticky":false,"template":"","format":"standard","meta":{"_acf_changed":false,"rs_blank_template":"","rs_page_bg_color":"","slide_template_v7":"","footnotes":""},"categories":[1],"tags":[986,987,988,989,990,991,992],"class_list":["post-9342","post","type-post","status-publish","format-standard","has-post-thumbnail","hentry","category-sin-categoria","tag-asociacion-cultural-salsipuedes","tag-centenario","tag-emigracion","tag-emigracion-canaria","tag-museo-elder","tag-teatro-guiniguada","tag-valbanera"],"acf":[],"_links":{"self":[{"href":"https:\/\/femepa.org\/web\/wp-json\/wp\/v2\/posts\/9342","targetHints":{"allow":["GET"]}}],"collection":[{"href":"https:\/\/femepa.org\/web\/wp-json\/wp\/v2\/posts"}],"about":[{"href":"https:\/\/femepa.org\/web\/wp-json\/wp\/v2\/types\/post"}],"author":[{"embeddable":true,"href":"https:\/\/femepa.org\/web\/wp-json\/wp\/v2\/users\/4"}],"replies":[{"embeddable":true,"href":"https:\/\/femepa.org\/web\/wp-json\/wp\/v2\/comments?post=9342"}],"version-history":[{"count":0,"href":"https:\/\/femepa.org\/web\/wp-json\/wp\/v2\/posts\/9342\/revisions"}],"wp:featuredmedia":[{"embeddable":true,"href":"https:\/\/femepa.org\/web\/wp-json\/wp\/v2\/media\/9343"}],"wp:attachment":[{"href":"https:\/\/femepa.org\/web\/wp-json\/wp\/v2\/media?parent=9342"}],"wp:term":[{"taxonomy":"category","embeddable":true,"href":"https:\/\/femepa.org\/web\/wp-json\/wp\/v2\/categories?post=9342"},{"taxonomy":"post_tag","embeddable":true,"href":"https:\/\/femepa.org\/web\/wp-json\/wp\/v2\/tags?post=9342"}],"curies":[{"name":"wp","href":"https:\/\/api.w.org\/{rel}","templated":true}]}}