{"id":9380,"date":"2019-09-11T20:52:38","date_gmt":"2019-09-11T20:52:38","guid":{"rendered":"https:\/\/femepa.org\/web\/?p=9380"},"modified":"2019-09-11T20:52:38","modified_gmt":"2019-09-11T20:52:38","slug":"el-consejero-de-empleo-del-cabildo-de-gran-canaria-visita-las-instalaciones-de-femepa","status":"publish","type":"post","link":"https:\/\/femepa.org\/web\/el-consejero-de-empleo-del-cabildo-de-gran-canaria-visita-las-instalaciones-de-femepa\/","title":{"rendered":"El Consejero de Empleo del Cabildo de Gran Canaria visita las instalaciones de Femepa"},"content":{"rendered":"<p style=\"text-align: justify;\">El secretario general y el director de Formaci\u00f3n y Empleo de Femepa,\u00a0<strong>Juan Carlos Betancor<\/strong>\u00a0y\u00a0<strong>V\u00edctor Rubio<\/strong>, respectivamente, recibieron \u2013esta ma\u00f1ana- en El Sebadal (Las Palmas de Gran Canaria) al consejero de Empleo y Desarrollo Local del Cabildo de Gran Canaria,\u00a0<strong>Juan D\u00edaz S\u00e1nchez<\/strong>, que estuvo acompa\u00f1ado por la directora insular de Transparencia, Empleo y Desarrollo Local,\u00a0<strong>Susana Miras Miguel<\/strong>.<\/p>\n<p><img fetchpriority=\"high\" decoding=\"async\" class=\" wp-image-9381 aligncenter\" src=\"https:\/\/femepa.org\/web\/wp-content\/uploads\/2019\/09\/1-300x200.jpg\" alt=\"\" width=\"513\" height=\"345\" \/><\/p>\n<p style=\"text-align: justify;\">Ambos realizaron un recorrido por las diferentes instalaciones de Femepa, donde se desarrollan varios cursos y programas formativos de diversas \u00e1reas, pudiendo dialogar con los docentes y ver los materiales y recursos con los que cuentan para ofrecer al alumnado una formaci\u00f3n te\u00f3rico-pr\u00e1ctica completa.<\/p>\n<p><img decoding=\"async\" class=\" wp-image-9382 aligncenter\" src=\"https:\/\/femepa.org\/web\/wp-content\/uploads\/2019\/09\/2-300x200.jpg\" alt=\"\" width=\"516\" height=\"345\" srcset=\"https:\/\/femepa.org\/web\/wp-content\/uploads\/2019\/09\/2-300x200.jpg 300w, https:\/\/femepa.org\/web\/wp-content\/uploads\/2019\/09\/2-768x512.jpg 768w, https:\/\/femepa.org\/web\/wp-content\/uploads\/2019\/09\/2-600x400.jpg 600w, https:\/\/femepa.org\/web\/wp-content\/uploads\/2019\/09\/2.jpg 1000w\" sizes=\"(max-width: 516px) 100vw, 516px\" \/><\/p>\n<p style=\"text-align: justify;\">El consejero se mostr\u00f3 entusiasmado con la visita, calific\u00e1ndola\u00a0<em>de \u201cexquisita\u201d,\u00a0<\/em>al tiempo que a\u00f1adi\u00f3: <em>\u201cSaber que se est\u00e1n formando m\u00e1s de 3000 personas, adem\u00e1s de profesionales que siguen haci\u00e9ndolo, me parece de lo m\u00e1s interesante<\/em>.\u00a0<em>Hay que seguir apostando por este tipo de formaci\u00f3n y sobre todo porque hay que diversificar, que en Gran Canaria no todo es turismo\u201d.\u00a0<\/em><\/p>\n<p><iframe title=\"El Consejero de Empleo del Cabildo de Gran Canaria visita las instalaciones de Femepa\" width=\"500\" height=\"281\" src=\"https:\/\/www.youtube.com\/embed\/SCtDujd0Fsk?feature=oembed\" frameborder=\"0\" allow=\"accelerometer; autoplay; clipboard-write; encrypted-media; gyroscope; picture-in-picture; web-share\" referrerpolicy=\"strict-origin-when-cross-origin\" allowfullscreen><\/iframe><\/p>\n","protected":false},"excerpt":{"rendered":"<p>El secretario general y el director de Formaci\u00f3n y Empleo de Femepa,\u00a0Juan Carlos Betancor\u00a0y\u00a0V\u00edctor Rubio, respectivamente, recibieron \u2013esta ma\u00f1ana- en El Sebadal (Las Palmas de Gran Canaria) al consejero de Empleo y Desarrollo Local del Cabildo de Gran Canaria,\u00a0Juan D\u00edaz S\u00e1nchez, que estuvo acompa\u00f1ado por la directora insular de Transparencia, Empleo y Desarrollo Local,\u00a0Susana Miras [&hellip;]<\/p>\n","protected":false},"author":4,"featured_media":9383,"comment_status":"closed","ping_status":"closed","sticky":false,"template":"","format":"standard","meta":{"_acf_changed":false,"rs_blank_template":"","rs_page_bg_color":"","slide_template_v7":"","footnotes":""},"categories":[1],"tags":[636,1005,180,143,1006,1007],"class_list":["post-9380","post","type-post","status-publish","format-standard","has-post-thumbnail","hentry","category-sin-categoria","tag-cabildo-de-gran-canaria","tag-consejero-empleo","tag-empleo","tag-formacion","tag-juan-diaz-sanchez","tag-susana-miras"],"acf":[],"_links":{"self":[{"href":"https:\/\/femepa.org\/web\/wp-json\/wp\/v2\/posts\/9380","targetHints":{"allow":["GET"]}}],"collection":[{"href":"https:\/\/femepa.org\/web\/wp-json\/wp\/v2\/posts"}],"about":[{"href":"https:\/\/femepa.org\/web\/wp-json\/wp\/v2\/types\/post"}],"author":[{"embeddable":true,"href":"https:\/\/femepa.org\/web\/wp-json\/wp\/v2\/users\/4"}],"replies":[{"embeddable":true,"href":"https:\/\/femepa.org\/web\/wp-json\/wp\/v2\/comments?post=9380"}],"version-history":[{"count":0,"href":"https:\/\/femepa.org\/web\/wp-json\/wp\/v2\/posts\/9380\/revisions"}],"wp:featuredmedia":[{"embeddable":true,"href":"https:\/\/femepa.org\/web\/wp-json\/wp\/v2\/media\/9383"}],"wp:attachment":[{"href":"https:\/\/femepa.org\/web\/wp-json\/wp\/v2\/media?parent=9380"}],"wp:term":[{"taxonomy":"category","embeddable":true,"href":"https:\/\/femepa.org\/web\/wp-json\/wp\/v2\/categories?post=9380"},{"taxonomy":"post_tag","embeddable":true,"href":"https:\/\/femepa.org\/web\/wp-json\/wp\/v2\/tags?post=9380"}],"curies":[{"name":"wp","href":"https:\/\/api.w.org\/{rel}","templated":true}]}}