{"id":9414,"date":"2019-09-20T14:46:45","date_gmt":"2019-09-20T14:46:45","guid":{"rendered":"https:\/\/femepa.org\/web\/?p=9414"},"modified":"2019-09-20T14:46:45","modified_gmt":"2019-09-20T14:46:45","slug":"subvenciones-del-programa-de-ayudas-para-actuaciones-de-eficiencia-energetica-en-pyme-y-gran-empresa-del-sector-industrial","status":"publish","type":"post","link":"https:\/\/femepa.org\/web\/subvenciones-del-programa-de-ayudas-para-actuaciones-de-eficiencia-energetica-en-pyme-y-gran-empresa-del-sector-industrial\/","title":{"rendered":"Subvenciones del programa de ayudas para actuaciones de eficiencia energ\u00e9tica en pyme y gran empresa del sector industrial"},"content":{"rendered":"<p style=\"text-align: justify;\">El 31 de julio se public\u00f3 el Extracto de la Resoluci\u00f3n de 17 de julio de 2019, por la que se inicia el procedimiento de concesi\u00f3n directa por razones de inter\u00e9s p\u00fablico de las subvenciones del Programa de ayudas para actuaciones de eficiencia energ\u00e9tica en PYME y gran empresa del sector industrial. El objetivo de estas ayudas es fomentar actuaciones en PYME y Gran Empresa industrial que reduzcan las emisiones de di\u00f3xido de carbono y el consumo de energ\u00eda final mediante la memoria de la eficiencia energ\u00e9tica.<\/p>\n<p style=\"text-align: justify;\">Dado que el plazo de presentaci\u00f3n de solicitudes se abrir\u00e1 el pr\u00f3ximo 20 de septiembre, ASINCA y la RED CIDE con la colaboraci\u00f3n de la Consejer\u00eda de Transici\u00f3n Ecol\u00f3gica, Lucha contra el Cambio Clim\u00e1tico y Planificaci\u00f3n Territorial del Gobierno de Canarias han organizado el pr\u00f3ximo lunes 23 de septiembre a las 10:00 horas, en el Sal\u00f3n de Actos de Femepa (C\/Le\u00f3n y Castillo 89 5\u00aa Planta) una jornada para explicar las bases de estas ayudas, la documentaci\u00f3n a presentar, as\u00ed como resolver las dudas tanto t\u00e9cnicas como de procedimiento administrativo que las empresas puedan tener para presentarse a las mismas.<\/p>\n<p style=\"text-align: justify;\">Al finalizar la jornada, previa solicitud, se podr\u00e1n concertar reuniones bilaterales de la empresa con los t\u00e9cnicos responsables de la gesti\u00f3n de estas ayudas para plantearles preguntas concretas del proyecto de la empresa.<\/p>\n<p style=\"text-align: justify;\">La jornada est\u00e1 dirigida a: gestores empresariales, Ingenieros, directores y responsables t\u00e9cnicos de las industrias, y consultores y responsables de innovaci\u00f3n de las empresas.<\/p>\n<p><img fetchpriority=\"high\" decoding=\"async\" class=\"aligncenter wp-image-9432\" src=\"https:\/\/femepa.org\/web\/wp-content\/uploads\/2019\/09\/subvenciones-214x300.jpg\" alt=\"\" width=\"419\" height=\"590\" \/><\/p>\n<p>Si est\u00e1s interesado en asistir y dado que el aforo es limitado, se ruega cumplimentar la inscripci\u00f3n en el siguiente <a href=\"https:\/\/docs.google.com\/forms\/d\/e\/1FAIpQLSc39nzZ26sclXf-DoQwYEzSXfRIc5LH0_cDjODtO_-ZlF19pQ\/viewform\" target=\"_blank\" rel=\"noopener noreferrer\">ENLACE<\/a> .<\/p>\n<p>En caso de tener alg\u00fan problema o para solicitar la reuni\u00f3n bilateral, puedes contactar con Nayra Villar T\u00e9cnico CIDE de ASINCA en redcide@asincalaspalmas.com<\/p>\n<p style=\"text-align: justify;\">*Para m\u00e1s informaci\u00f3n, se debe contactar con la T\u00e9cnica de Innovaci\u00f3n de Femepa, al tel\u00e9fono 928 296 161 o en obdulia.martin@femepa.es<\/p>\n","protected":false},"excerpt":{"rendered":"<p>El 31 de julio se public\u00f3 el Extracto de la Resoluci\u00f3n de 17 de julio de 2019, por la que se inicia el procedimiento de concesi\u00f3n directa por razones de inter\u00e9s p\u00fablico de las subvenciones del Programa de ayudas para actuaciones de eficiencia energ\u00e9tica en PYME y gran empresa del sector industrial. El objetivo de [&hellip;]<\/p>\n","protected":false},"author":4,"featured_media":9416,"comment_status":"closed","ping_status":"closed","sticky":false,"template":"","format":"standard","meta":{"_acf_changed":false,"rs_blank_template":"","rs_page_bg_color":"","slide_template_v7":"","footnotes":""},"categories":[1],"tags":[1023,571,140,161],"class_list":["post-9414","post","type-post","status-publish","format-standard","has-post-thumbnail","hentry","category-sin-categoria","tag-asinca","tag-cambio-climatico","tag-gobierno-de-canarias","tag-red-cide"],"acf":[],"_links":{"self":[{"href":"https:\/\/femepa.org\/web\/wp-json\/wp\/v2\/posts\/9414","targetHints":{"allow":["GET"]}}],"collection":[{"href":"https:\/\/femepa.org\/web\/wp-json\/wp\/v2\/posts"}],"about":[{"href":"https:\/\/femepa.org\/web\/wp-json\/wp\/v2\/types\/post"}],"author":[{"embeddable":true,"href":"https:\/\/femepa.org\/web\/wp-json\/wp\/v2\/users\/4"}],"replies":[{"embeddable":true,"href":"https:\/\/femepa.org\/web\/wp-json\/wp\/v2\/comments?post=9414"}],"version-history":[{"count":0,"href":"https:\/\/femepa.org\/web\/wp-json\/wp\/v2\/posts\/9414\/revisions"}],"wp:featuredmedia":[{"embeddable":true,"href":"https:\/\/femepa.org\/web\/wp-json\/wp\/v2\/media\/9416"}],"wp:attachment":[{"href":"https:\/\/femepa.org\/web\/wp-json\/wp\/v2\/media?parent=9414"}],"wp:term":[{"taxonomy":"category","embeddable":true,"href":"https:\/\/femepa.org\/web\/wp-json\/wp\/v2\/categories?post=9414"},{"taxonomy":"post_tag","embeddable":true,"href":"https:\/\/femepa.org\/web\/wp-json\/wp\/v2\/tags?post=9414"}],"curies":[{"name":"wp","href":"https:\/\/api.w.org\/{rel}","templated":true}]}}