{"id":9419,"date":"2019-09-21T21:49:16","date_gmt":"2019-09-21T21:49:16","guid":{"rendered":"https:\/\/femepa.org\/web\/?p=9419"},"modified":"2019-09-21T21:49:16","modified_gmt":"2019-09-21T21:49:16","slug":"convocatoria-2019-de-ayudas-a-empresas-industriales-de-canarias","status":"publish","type":"post","link":"https:\/\/femepa.org\/web\/convocatoria-2019-de-ayudas-a-empresas-industriales-de-canarias\/","title":{"rendered":"Convocatoria 2019 de &#8220;Ayudas a Empresas Industriales de Canarias&#8221;"},"content":{"rendered":"<p style=\"text-align: justify;\"><strong>El plazo de presentaci\u00f3n se ha ampliado hasta el 30 de septiembre de 2019<\/strong><\/p>\n<p style=\"text-align: justify;\"><strong>DATOS GENERALES<\/strong><br \/>\nSe resuelve realizar ampliaci\u00f3n de plazo de presentaci\u00f3n para la Concesi\u00f3n de Ayudas dirigidas a impulsar la Transformaci\u00f3n Digital de la Industria Espa\u00f1ola y dotar a las empresas de la Comunidad Aut\u00f3noma de Canarias de estrategia, iniciativas y acciones que les ayuden en esa transformaci\u00f3n en el marco del Proyecto Industria Conectada 4.0 de acuerdo con lo previsto en Orden EIC\/743\/2017, de 28 de julio<\/p>\n<p style=\"text-align: justify;\"><strong>PLAZO DE PRESENTACI\u00d3N<\/strong><br \/>\nAmpliado plazo de presentaci\u00f3n del 16 de septiembre de 2019 hasta el 30 de septiembre de 2019.<\/p>\n<p style=\"text-align: justify;\"><strong>SOLICITUD:<\/strong> <a href=\"https:\/\/www.eoi.es\/es\/convocatorias\/33868\/convocatoria-2019-ayudas-empresas-industriales-de-canarias\" target=\"_blank\" rel=\"noopener noreferrer\">https:\/\/www.eoi.es\/es\/convocatorias\/33868\/convocatoria-2019-ayudas-empresas-industriales-de-canarias<\/a><\/p>\n<p style=\"text-align: justify;\"><strong>BENEFICIARIOS<\/strong><br \/>\nEmpresas de la Comunidad Aut\u00f3noma de Canarias, cualquiera que sea su forma jur\u00eddica que, cumpliendo los requisitos y condiciones establecidos en esta convocatoria, desarrollan o van a desarrollar una actividad industrial productiva.<\/p>\n<p style=\"text-align: justify;\"><em>*Para m\u00e1s informaci\u00f3n, se debe contactar con la T\u00e9cnica de Innovaci\u00f3n de Femepa, al tel\u00e9fono 928 296 161 o en obdulia.martin@femepa.es<\/em><\/p>\n","protected":false},"excerpt":{"rendered":"<p>El plazo de presentaci\u00f3n se ha ampliado hasta el 30 de septiembre de 2019 DATOS GENERALES Se resuelve realizar ampliaci\u00f3n de plazo de presentaci\u00f3n para la Concesi\u00f3n de Ayudas dirigidas a impulsar la Transformaci\u00f3n Digital de la Industria Espa\u00f1ola y dotar a las empresas de la Comunidad Aut\u00f3noma de Canarias de estrategia, iniciativas y acciones [&hellip;]<\/p>\n","protected":false},"author":4,"featured_media":9420,"comment_status":"closed","ping_status":"closed","sticky":false,"template":"","format":"standard","meta":{"_acf_changed":false,"rs_blank_template":"","rs_page_bg_color":"","slide_template_v7":"","footnotes":""},"categories":[1],"tags":[78,1026,161],"class_list":["post-9419","post","type-post","status-publish","format-standard","has-post-thumbnail","hentry","category-sin-categoria","tag-canarias","tag-empresas-industriales","tag-red-cide"],"acf":[],"_links":{"self":[{"href":"https:\/\/femepa.org\/web\/wp-json\/wp\/v2\/posts\/9419","targetHints":{"allow":["GET"]}}],"collection":[{"href":"https:\/\/femepa.org\/web\/wp-json\/wp\/v2\/posts"}],"about":[{"href":"https:\/\/femepa.org\/web\/wp-json\/wp\/v2\/types\/post"}],"author":[{"embeddable":true,"href":"https:\/\/femepa.org\/web\/wp-json\/wp\/v2\/users\/4"}],"replies":[{"embeddable":true,"href":"https:\/\/femepa.org\/web\/wp-json\/wp\/v2\/comments?post=9419"}],"version-history":[{"count":0,"href":"https:\/\/femepa.org\/web\/wp-json\/wp\/v2\/posts\/9419\/revisions"}],"wp:featuredmedia":[{"embeddable":true,"href":"https:\/\/femepa.org\/web\/wp-json\/wp\/v2\/media\/9420"}],"wp:attachment":[{"href":"https:\/\/femepa.org\/web\/wp-json\/wp\/v2\/media?parent=9419"}],"wp:term":[{"taxonomy":"category","embeddable":true,"href":"https:\/\/femepa.org\/web\/wp-json\/wp\/v2\/categories?post=9419"},{"taxonomy":"post_tag","embeddable":true,"href":"https:\/\/femepa.org\/web\/wp-json\/wp\/v2\/tags?post=9419"}],"curies":[{"name":"wp","href":"https:\/\/api.w.org\/{rel}","templated":true}]}}