{"id":9435,"date":"2019-09-20T21:09:51","date_gmt":"2019-09-20T21:09:51","guid":{"rendered":"https:\/\/femepa.org\/web\/?p=9435"},"modified":"2019-09-20T21:09:51","modified_gmt":"2019-09-20T21:09:51","slug":"autoconsumo-las-claves-de-una-nueva-regulacion","status":"publish","type":"post","link":"https:\/\/femepa.org\/web\/autoconsumo-las-claves-de-una-nueva-regulacion\/","title":{"rendered":"\u201cAutoconsumo, las claves de una nueva regulaci\u00f3n\u201d, tema de las jornadas para instaladores del 30 de septiembre en Femepa"},"content":{"rendered":"<p>El sal\u00f3n de actos de Femepa (C\/ Le\u00f3n y Castillo, 89 \u2013 4\u00aa planta) acoger\u00e1, a partir de las 19:00 horas del pr\u00f3ximo 30 de septiembre, unas jornadas t\u00e9cnicas sobre el autoconsumo y su nueva regulaci\u00f3n, organizadas por CAFONGAS (Asociaci\u00f3n de Fontaner\u00eda y Gas de Las Palmas), en colaboraci\u00f3n con CONAIF.<\/p>\n<p>Estas jornadas estar\u00e1n divididas en dos bloques. El primero ser\u00e1 impartido por <strong>Juanjo Catal\u00e1n<\/strong>, consultor especializado en estrategia, energ\u00eda y negocios emergentes, que pondr\u00e1 sobre la mesa: los condicionantes regulatorios y administrativos, las oportunidades de negocio para los instaladores y las claves para competir en el mercado.<\/p>\n<p><img fetchpriority=\"high\" decoding=\"async\" class=\"wp-image-9436 aligncenter\" src=\"https:\/\/femepa.org\/web\/wp-content\/uploads\/2019\/09\/jornadas-autoconsumo-300x184.jpg\" alt=\"\" width=\"461\" height=\"325\" \/><\/p>\n<p>El segundo bloque, en cambio, se destinar\u00e1 a profundizar en: el nuevo DB HE del C\u00f3digo T\u00e9cnico de la Edificaci\u00f3n, el nuevo RD de autoconsumo y las instalaciones de energ\u00eda solar FV aplicadas a la climatizaci\u00f3n. Esta parte ser\u00e1 expuesta por el jefe del Dpto. T\u00e9cnico, de Formaci\u00f3n y Soporte de Baxi, <strong>Alberto Jim\u00e9nez<\/strong>.<\/p>\n<p>Estas jornadas, orientadas fundamentalmente a instaladores y profesionales del sector, tendr\u00e1n una duraci\u00f3n aproximada de dos horas y media. Las plazas son limitadas, por lo que se recomienda confirmar asistencia cuanto antes en el e-mail: maria.artiles@femepa.es.<\/p>\n","protected":false},"excerpt":{"rendered":"<p>El sal\u00f3n de actos de Femepa (C\/ Le\u00f3n y Castillo, 89 \u2013 4\u00aa planta) acoger\u00e1, a partir de las 19:00 horas del pr\u00f3ximo 30 de septiembre, unas jornadas t\u00e9cnicas sobre el autoconsumo y su nueva regulaci\u00f3n, organizadas por CAFONGAS (Asociaci\u00f3n de Fontaner\u00eda y Gas de Las Palmas), en colaboraci\u00f3n con CONAIF. Estas jornadas estar\u00e1n divididas [&hellip;]<\/p>\n","protected":false},"author":4,"featured_media":9441,"comment_status":"closed","ping_status":"closed","sticky":false,"template":"","format":"standard","meta":{"_acf_changed":false,"rs_blank_template":"","rs_page_bg_color":"","slide_template_v7":"","footnotes":""},"categories":[1],"tags":[1024,504,126,527,1025],"class_list":["post-9435","post","type-post","status-publish","format-standard","has-post-thumbnail","hentry","category-sin-categoria","tag-alberto-jimenez","tag-autoconsumo","tag-cafongas","tag-conaif","tag-juanjo-catalan"],"acf":[],"_links":{"self":[{"href":"https:\/\/femepa.org\/web\/wp-json\/wp\/v2\/posts\/9435","targetHints":{"allow":["GET"]}}],"collection":[{"href":"https:\/\/femepa.org\/web\/wp-json\/wp\/v2\/posts"}],"about":[{"href":"https:\/\/femepa.org\/web\/wp-json\/wp\/v2\/types\/post"}],"author":[{"embeddable":true,"href":"https:\/\/femepa.org\/web\/wp-json\/wp\/v2\/users\/4"}],"replies":[{"embeddable":true,"href":"https:\/\/femepa.org\/web\/wp-json\/wp\/v2\/comments?post=9435"}],"version-history":[{"count":0,"href":"https:\/\/femepa.org\/web\/wp-json\/wp\/v2\/posts\/9435\/revisions"}],"wp:featuredmedia":[{"embeddable":true,"href":"https:\/\/femepa.org\/web\/wp-json\/wp\/v2\/media\/9441"}],"wp:attachment":[{"href":"https:\/\/femepa.org\/web\/wp-json\/wp\/v2\/media?parent=9435"}],"wp:term":[{"taxonomy":"category","embeddable":true,"href":"https:\/\/femepa.org\/web\/wp-json\/wp\/v2\/categories?post=9435"},{"taxonomy":"post_tag","embeddable":true,"href":"https:\/\/femepa.org\/web\/wp-json\/wp\/v2\/tags?post=9435"}],"curies":[{"name":"wp","href":"https:\/\/api.w.org\/{rel}","templated":true}]}}