{"id":9451,"date":"2019-09-24T16:56:59","date_gmt":"2019-09-24T16:56:59","guid":{"rendered":"https:\/\/femepa.org\/web\/?p=9451"},"modified":"2019-09-24T16:56:59","modified_gmt":"2019-09-24T16:56:59","slug":"femepa-contara-con-un-stand-en-la-i-feria-joven-comarcal-de-galdar","status":"publish","type":"post","link":"https:\/\/femepa.org\/web\/femepa-contara-con-un-stand-en-la-i-feria-joven-comarcal-de-galdar\/","title":{"rendered":"Femepa contar\u00e1 con un stand en la I Feria Joven Comarcal de G\u00e1ldar"},"content":{"rendered":"<p class=\"ox-3be57414d0-MsoNormal\" style=\"text-align: justify;\">La Concejal\u00eda de Prevenci\u00f3n de Adicciones del Ayuntamiento de G\u00e1ldar ha organizado la I Feria Joven Comarcal, que se celebrar\u00e1 el viernes 27\u00a0 de septiembre de 2019 -desde las 16:00 hasta las 22:00 horas- en la Plaza de Santiago.<\/p>\n<p class=\"ox-3be57414d0-MsoNormal\" style=\"text-align: justify;\">Femepa estar\u00e1 presente en este evento, cuyo stand convivir\u00e1 con otros treinta de diferentes organismos, tanto p\u00fablicos como privados, que ofrecer\u00e1n informaci\u00f3n y talleres pr\u00e1cticos sobre las diferentes actividades que desarrollan.<\/p>\n<p class=\"ox-3be57414d0-MsoNormal\" style=\"text-align: justify;\">El objetivo, en palabras del concejal <strong>Rafael P\u00e9rez<\/strong>, es\u00a0<em>\u201cponer en contacto a los j\u00f3venes, de una forma visual y cercana, con la amplia oferta de ocio saludable y educativa con la que cuentan en la comarca\u201d.<\/em><\/p>\n<p><img fetchpriority=\"high\" decoding=\"async\" class=\"wp-image-9453 aligncenter\" src=\"https:\/\/femepa.org\/web\/wp-content\/uploads\/2019\/09\/Cartel-I-Feria-Joven-Comarcal-G\u00e1ldar-212x300.png\" alt=\"\" width=\"388\" height=\"470\" \/><\/p>\n","protected":false},"excerpt":{"rendered":"<p>La Concejal\u00eda de Prevenci\u00f3n de Adicciones del Ayuntamiento de G\u00e1ldar ha organizado la I Feria Joven Comarcal, que se celebrar\u00e1 el viernes 27\u00a0 de septiembre de 2019 -desde las 16:00 hasta las 22:00 horas- en la Plaza de Santiago. Femepa estar\u00e1 presente en este evento, cuyo stand convivir\u00e1 con otros treinta de diferentes organismos, tanto [&hellip;]<\/p>\n","protected":false},"author":4,"featured_media":9452,"comment_status":"closed","ping_status":"closed","sticky":false,"template":"","format":"standard","meta":{"_acf_changed":false,"rs_blank_template":"","rs_page_bg_color":"#ffffff","slide_template_v7":"","footnotes":""},"categories":[1],"tags":[64,1027,1028,1029,371,1030],"class_list":["post-9451","post","type-post","status-publish","format-standard","has-post-thumbnail","hentry","category-sin-categoria","tag-femepa","tag-galdar","tag-galdar-2019","tag-i-feria-joven-comarcal","tag-opea","tag-plaza-de-santiago"],"acf":[],"_links":{"self":[{"href":"https:\/\/femepa.org\/web\/wp-json\/wp\/v2\/posts\/9451","targetHints":{"allow":["GET"]}}],"collection":[{"href":"https:\/\/femepa.org\/web\/wp-json\/wp\/v2\/posts"}],"about":[{"href":"https:\/\/femepa.org\/web\/wp-json\/wp\/v2\/types\/post"}],"author":[{"embeddable":true,"href":"https:\/\/femepa.org\/web\/wp-json\/wp\/v2\/users\/4"}],"replies":[{"embeddable":true,"href":"https:\/\/femepa.org\/web\/wp-json\/wp\/v2\/comments?post=9451"}],"version-history":[{"count":0,"href":"https:\/\/femepa.org\/web\/wp-json\/wp\/v2\/posts\/9451\/revisions"}],"wp:featuredmedia":[{"embeddable":true,"href":"https:\/\/femepa.org\/web\/wp-json\/wp\/v2\/media\/9452"}],"wp:attachment":[{"href":"https:\/\/femepa.org\/web\/wp-json\/wp\/v2\/media?parent=9451"}],"wp:term":[{"taxonomy":"category","embeddable":true,"href":"https:\/\/femepa.org\/web\/wp-json\/wp\/v2\/categories?post=9451"},{"taxonomy":"post_tag","embeddable":true,"href":"https:\/\/femepa.org\/web\/wp-json\/wp\/v2\/tags?post=9451"}],"curies":[{"name":"wp","href":"https:\/\/api.w.org\/{rel}","templated":true}]}}