{"id":9462,"date":"2019-09-26T17:56:35","date_gmt":"2019-09-26T17:56:35","guid":{"rendered":"https:\/\/femepa.org\/web\/?p=9462"},"modified":"2019-09-26T17:56:35","modified_gmt":"2019-09-26T17:56:35","slug":"el-salon-de-actos-de-femepa-acogera-una-charla-de-la-aecc-el-11-de-octubre","status":"publish","type":"post","link":"https:\/\/femepa.org\/web\/el-salon-de-actos-de-femepa-acogera-una-charla-de-la-aecc-el-11-de-octubre\/","title":{"rendered":"El sal\u00f3n de actos de Femepa acoger\u00e1 una charla de la AECC el 11 de octubre"},"content":{"rendered":"<p>La Asociaci\u00f3n Espa\u00f1ola Contra el C\u00e1ncer (AECC), de la mano de Mar\u00eda Yaiza Due\u00f1as Santana, impartir\u00e1 una ponencia el pr\u00f3ximo 11 de octubre \u2013 a partir de las 13:00 horas \u2013 en el sal\u00f3n de actos de Femepa (C\/Le\u00f3n y Castillo, 89 \u2013 4\u00aa planta).<\/p>\n<p>En ella, Due\u00f1as no s\u00f3lo har\u00e1 un repaso de la historia de la AECC, sino que tambi\u00e9n hablar\u00e1 de su misi\u00f3n, valores, l\u00edneas de actuaci\u00f3n, fuentes de financiaci\u00f3n, voluntariado y prevenci\u00f3n primaria.<\/p>\n<p>El acceso a esta charla, que durar\u00e1 45 minutos aproximadamente, ser\u00e1 libre.<\/p>\n","protected":false},"excerpt":{"rendered":"<p>La Asociaci\u00f3n Espa\u00f1ola Contra el C\u00e1ncer (AECC), de la mano de Mar\u00eda Yaiza Due\u00f1as Santana, impartir\u00e1 una ponencia el pr\u00f3ximo 11 de octubre \u2013 a partir de las 13:00 horas \u2013 en el sal\u00f3n de actos de Femepa (C\/Le\u00f3n y Castillo, 89 \u2013 4\u00aa planta). En ella, Due\u00f1as no s\u00f3lo har\u00e1 un repaso de la [&hellip;]<\/p>\n","protected":false},"author":4,"featured_media":9463,"comment_status":"closed","ping_status":"closed","sticky":false,"template":"","format":"standard","meta":{"_acf_changed":false,"rs_blank_template":"","rs_page_bg_color":"","slide_template_v7":"","footnotes":""},"categories":[1],"tags":[941,942,64,1032],"class_list":["post-9462","post","type-post","status-publish","format-standard","has-post-thumbnail","hentry","category-sin-categoria","tag-aecc","tag-asociacion-espanola-contra-el-cancer","tag-femepa","tag-maria-yaiza-duenas-santana"],"acf":[],"_links":{"self":[{"href":"https:\/\/femepa.org\/web\/wp-json\/wp\/v2\/posts\/9462","targetHints":{"allow":["GET"]}}],"collection":[{"href":"https:\/\/femepa.org\/web\/wp-json\/wp\/v2\/posts"}],"about":[{"href":"https:\/\/femepa.org\/web\/wp-json\/wp\/v2\/types\/post"}],"author":[{"embeddable":true,"href":"https:\/\/femepa.org\/web\/wp-json\/wp\/v2\/users\/4"}],"replies":[{"embeddable":true,"href":"https:\/\/femepa.org\/web\/wp-json\/wp\/v2\/comments?post=9462"}],"version-history":[{"count":0,"href":"https:\/\/femepa.org\/web\/wp-json\/wp\/v2\/posts\/9462\/revisions"}],"wp:featuredmedia":[{"embeddable":true,"href":"https:\/\/femepa.org\/web\/wp-json\/wp\/v2\/media\/9463"}],"wp:attachment":[{"href":"https:\/\/femepa.org\/web\/wp-json\/wp\/v2\/media?parent=9462"}],"wp:term":[{"taxonomy":"category","embeddable":true,"href":"https:\/\/femepa.org\/web\/wp-json\/wp\/v2\/categories?post=9462"},{"taxonomy":"post_tag","embeddable":true,"href":"https:\/\/femepa.org\/web\/wp-json\/wp\/v2\/tags?post=9462"}],"curies":[{"name":"wp","href":"https:\/\/api.w.org\/{rel}","templated":true}]}}