{"id":9505,"date":"2019-10-08T10:48:16","date_gmt":"2019-10-08T10:48:16","guid":{"rendered":"https:\/\/femepa.org\/web\/?p=9505"},"modified":"2019-10-08T10:48:16","modified_gmt":"2019-10-08T10:48:16","slug":"femepa-participa-en-el-ii-congreso-prevencionar-en-madrid","status":"publish","type":"post","link":"https:\/\/femepa.org\/web\/femepa-participa-en-el-ii-congreso-prevencionar-en-madrid\/","title":{"rendered":"Femepa participa en el \u2018II Congreso Prevencionar\u2019 en Madrid"},"content":{"rendered":"<p style=\"text-align: justify;\">La segunda edici\u00f3n del \u2018<a href=\"https:\/\/congreso.prevencionar.com\/\" target=\"_blank\" rel=\"noopener noreferrer\">Congreso Prevencionar<\/a>\u2019, celebrado en Madrid los d\u00edas 3 y 4 de octubre, alberg\u00f3 m\u00e1s de 200 ponencias, talleres, exposiciones pr\u00e1cticas, stands y workshops, de los que pudieron disfrutar aproximadamente 1500 asistentes. Adem\u00e1s, se presentaron m\u00e1s de 100 trabajos de car\u00e1cter t\u00e9cnico y cient\u00edfico.<\/p>\n<p style=\"text-align: justify;\">En este sentido, <strong>Femepa<\/strong> particip\u00f3 en la mesa de trabajo: \u201cEl valor de la prevenci\u00f3n en las pymes\u201d, en la que su representante, <strong>Arecio Vega<\/strong>, intervino como ponente, junto a <strong>Montse Gasc\u00f3n<\/strong>, de PYMEC. Manel Fern\u00e1ndez Jaria, por su parte, actu\u00f3 de moderador.<\/p>\n<p style=\"text-align: justify;\"><img fetchpriority=\"high\" decoding=\"async\" class=\"size-medium wp-image-9510 aligncenter\" src=\"https:\/\/femepa.org\/web\/wp-content\/uploads\/2019\/10\/IMG-20191004-WA0037-300x225.jpg\" alt=\"\" width=\"300\" height=\"225\" srcset=\"https:\/\/femepa.org\/web\/wp-content\/uploads\/2019\/10\/IMG-20191004-WA0037-300x225.jpg 300w, https:\/\/femepa.org\/web\/wp-content\/uploads\/2019\/10\/IMG-20191004-WA0037-1024x768.jpg 1024w, https:\/\/femepa.org\/web\/wp-content\/uploads\/2019\/10\/IMG-20191004-WA0037-768x576.jpg 768w, https:\/\/femepa.org\/web\/wp-content\/uploads\/2019\/10\/IMG-20191004-WA0037-1536x1152.jpg 1536w, https:\/\/femepa.org\/web\/wp-content\/uploads\/2019\/10\/IMG-20191004-WA0037-600x450.jpg 600w, https:\/\/femepa.org\/web\/wp-content\/uploads\/2019\/10\/IMG-20191004-WA0037.jpg 1600w\" sizes=\"(max-width: 300px) 100vw, 300px\" \/><\/p>\n<p style=\"text-align: justify;\">En ella, se abordaron aspectos importantes de reclamo al sector de la Seguridad y Salud en el Trabajo (SST) para favorecer a las pymes, como: mayor apoyo de organizaciones empresariales en gesti\u00f3n de SST, simplificaci\u00f3n de los procesos, formaci\u00f3n personalizada y espec\u00edfica, fomento de la integraci\u00f3n de la SST, mayor comunicaci\u00f3n y mayor implicaci\u00f3n en todos los niveles empresariales.<\/p>\n<p style=\"text-align: justify;\">Finalmente, <strong>Manel Bestraten<\/strong>, ex consejero del INSST, resalt\u00f3 el trabajo que se realiza desde la Oficina T\u00e9cnica de Prevenci\u00f3n de Riesgos Laborales de Femepa, que, con un asesoramiento cercano y personalizado, ha mejorado considerablemente la gesti\u00f3n de las pymes del metal y nuevas tecnolog\u00edas de Las Palmas durante los \u00faltimos a\u00f1os.<\/p>\n","protected":false},"excerpt":{"rendered":"<p>La segunda edici\u00f3n del \u2018Congreso Prevencionar\u2019, celebrado en Madrid los d\u00edas 3 y 4 de octubre, alberg\u00f3 m\u00e1s de 200 ponencias, talleres, exposiciones pr\u00e1cticas, stands y workshops, de los que pudieron disfrutar aproximadamente 1500 asistentes. Adem\u00e1s, se presentaron m\u00e1s de 100 trabajos de car\u00e1cter t\u00e9cnico y cient\u00edfico. En este sentido, Femepa particip\u00f3 en la mesa [&hellip;]<\/p>\n","protected":false},"author":4,"featured_media":9506,"comment_status":"closed","ping_status":"closed","sticky":false,"template":"","format":"standard","meta":{"_acf_changed":false,"rs_blank_template":"","rs_page_bg_color":"","slide_template_v7":"","footnotes":""},"categories":[1],"tags":[],"class_list":["post-9505","post","type-post","status-publish","format-standard","has-post-thumbnail","hentry","category-sin-categoria"],"acf":[],"_links":{"self":[{"href":"https:\/\/femepa.org\/web\/wp-json\/wp\/v2\/posts\/9505","targetHints":{"allow":["GET"]}}],"collection":[{"href":"https:\/\/femepa.org\/web\/wp-json\/wp\/v2\/posts"}],"about":[{"href":"https:\/\/femepa.org\/web\/wp-json\/wp\/v2\/types\/post"}],"author":[{"embeddable":true,"href":"https:\/\/femepa.org\/web\/wp-json\/wp\/v2\/users\/4"}],"replies":[{"embeddable":true,"href":"https:\/\/femepa.org\/web\/wp-json\/wp\/v2\/comments?post=9505"}],"version-history":[{"count":0,"href":"https:\/\/femepa.org\/web\/wp-json\/wp\/v2\/posts\/9505\/revisions"}],"wp:featuredmedia":[{"embeddable":true,"href":"https:\/\/femepa.org\/web\/wp-json\/wp\/v2\/media\/9506"}],"wp:attachment":[{"href":"https:\/\/femepa.org\/web\/wp-json\/wp\/v2\/media?parent=9505"}],"wp:term":[{"taxonomy":"category","embeddable":true,"href":"https:\/\/femepa.org\/web\/wp-json\/wp\/v2\/categories?post=9505"},{"taxonomy":"post_tag","embeddable":true,"href":"https:\/\/femepa.org\/web\/wp-json\/wp\/v2\/tags?post=9505"}],"curies":[{"name":"wp","href":"https:\/\/api.w.org\/{rel}","templated":true}]}}