{"id":9783,"date":"2019-10-15T23:22:27","date_gmt":"2019-10-15T23:22:27","guid":{"rendered":"https:\/\/femepa.org\/web\/?p=9783"},"modified":"2019-10-15T23:22:27","modified_gmt":"2019-10-15T23:22:27","slug":"femepa-firma-un-acuerdo-de-colaboracion-con-segurplus-cloud","status":"publish","type":"post","link":"https:\/\/femepa.org\/web\/femepa-firma-un-acuerdo-de-colaboracion-con-segurplus-cloud\/","title":{"rendered":"Femepa firma un acuerdo de colaboraci\u00f3n con Segurplus Cloud"},"content":{"rendered":"<p style=\"text-align: justify;\">El secretario general de Femepa, <strong>Juan Carlos Betancor<\/strong>, y el delegado de Fersoft Inform\u00e1tica,SL, <strong>Eric Espino<\/strong>, han firmado este martes un acuerdo de colaboraci\u00f3n, mediante el cual los asociados de Femepa se beneficiar\u00e1n de un importante descuento en la implantaci\u00f3n de la ley de protecci\u00f3n de datos en sus empresas.<\/p>\n<p style=\"text-align: justify;\">Segurplus Cloud se encarga de que cada cliente cumpla con la normativa de protecci\u00f3n de datos de una manera sencilla, r\u00e1pida y asequible, adapt\u00e1ndose a sus necesidades e intereses en el desempe\u00f1o de las funciones.<\/p>\n","protected":false},"excerpt":{"rendered":"<p>El secretario general de Femepa, Juan Carlos Betancor, y el delegado de Fersoft Inform\u00e1tica,SL, Eric Espino, han firmado este martes un acuerdo de colaboraci\u00f3n, mediante el cual los asociados de Femepa se beneficiar\u00e1n de un importante descuento en la implantaci\u00f3n de la ley de protecci\u00f3n de datos en sus empresas. Segurplus Cloud se encarga de [&hellip;]<\/p>\n","protected":false},"author":4,"featured_media":9784,"comment_status":"closed","ping_status":"closed","sticky":false,"template":"","format":"standard","meta":{"_acf_changed":false,"rs_blank_template":"","rs_page_bg_color":"","slide_template_v7":"","footnotes":""},"categories":[1],"tags":[64,1083,1084],"class_list":["post-9783","post","type-post","status-publish","format-standard","has-post-thumbnail","hentry","category-sin-categoria","tag-femepa","tag-proteccion-de-datos","tag-segurplus-cloud"],"acf":[],"_links":{"self":[{"href":"https:\/\/femepa.org\/web\/wp-json\/wp\/v2\/posts\/9783","targetHints":{"allow":["GET"]}}],"collection":[{"href":"https:\/\/femepa.org\/web\/wp-json\/wp\/v2\/posts"}],"about":[{"href":"https:\/\/femepa.org\/web\/wp-json\/wp\/v2\/types\/post"}],"author":[{"embeddable":true,"href":"https:\/\/femepa.org\/web\/wp-json\/wp\/v2\/users\/4"}],"replies":[{"embeddable":true,"href":"https:\/\/femepa.org\/web\/wp-json\/wp\/v2\/comments?post=9783"}],"version-history":[{"count":0,"href":"https:\/\/femepa.org\/web\/wp-json\/wp\/v2\/posts\/9783\/revisions"}],"wp:featuredmedia":[{"embeddable":true,"href":"https:\/\/femepa.org\/web\/wp-json\/wp\/v2\/media\/9784"}],"wp:attachment":[{"href":"https:\/\/femepa.org\/web\/wp-json\/wp\/v2\/media?parent=9783"}],"wp:term":[{"taxonomy":"category","embeddable":true,"href":"https:\/\/femepa.org\/web\/wp-json\/wp\/v2\/categories?post=9783"},{"taxonomy":"post_tag","embeddable":true,"href":"https:\/\/femepa.org\/web\/wp-json\/wp\/v2\/tags?post=9783"}],"curies":[{"name":"wp","href":"https:\/\/api.w.org\/{rel}","templated":true}]}}