{"id":9792,"date":"2019-10-15T18:13:14","date_gmt":"2019-10-15T18:13:14","guid":{"rendered":"https:\/\/femepa.org\/web\/?p=9792"},"modified":"2025-08-15T16:21:00","modified_gmt":"2025-08-15T15:21:00","slug":"femepa-consigue-el-premio-europeo-de-buenas-practicas-2019-con-su-pfae-gj-telecom","status":"publish","type":"post","link":"https:\/\/femepa.org\/web\/femepa-consigue-el-premio-europeo-de-buenas-practicas-2019-con-su-pfae-gj-telecom\/","title":{"rendered":"Femepa consigue el \u2018Premio Europeo de Buenas Pr\u00e1cticas 2019\u2019 con su PFAE-GJ TELECOM"},"content":{"rendered":"<p style=\"text-align: justify;\">El sal\u00f3n de actos de la Presidencia del Gobierno de Canarias se visti\u00f3 de gala esta ma\u00f1ana para acoger el concurso de Buenas Pr\u00e1cticas, en el que diferentes centros gestores con programas de investigaci\u00f3n y programas de formaci\u00f3n y empleo presentaron sus trabajos financiados con fondos FEDER o Fondo Social Europeo, con el objetivo de lograr el m\u00e1ximo reconocimiento al respecto.<\/p>\n<p style=\"text-align: justify;\">En este sentido, cada entidad dispon\u00eda de siete minutos para defender su candidatura, siendo los<span class=\"text_exposed_show\">\u00a0representantes de Femepa: el director de Formaci\u00f3n y Empleo, V\u00edctor Rubio, y la coordinadora del PFAE Telecom, Nayra Herrera.<\/span><\/p>\n<div class=\"text_exposed_show\">\n<p style=\"text-align: justify;\">Finalmente, el jurado del Grupo de Responsables de Informaci\u00f3n y Publicidad de Canarias (GRIPCAN) decidi\u00f3 con sus votos que fuera el PFAE-GJ TELECOm de Femepa el ganador del concurso del Programa Operativo de Empleo Juvenil, entreg\u00e1ndole a sus responsables la distinci\u00f3n que les reconoce como tal.<\/p>\n<p style=\"text-align: justify;\">El PFAE-GJ TELECOm es un proyecto cofinanciado por el Fondo Social Europeo en el marco del Programa Operativo de Empleo Juvenil, que pretende \u201cque el alumnado, cuando finalice su formaci\u00f3n y se enfrente al mundo laboral, sea resolutivo en los trabajos de montaje y mantenimiento de instalaciones de telecomunicaciones\u201d, puntualizan los docentes Daniel D\u00edaz e Iv\u00e1n \u00c1lvarez.<\/p>\n<\/div>\n","protected":false},"excerpt":{"rendered":"<p>El sal\u00f3n de actos de la Presidencia del Gobierno de Canarias se visti\u00f3 de gala esta ma\u00f1ana para acoger el concurso de Buenas Pr\u00e1cticas, en el que diferentes centros gestores con programas de investigaci\u00f3n y programas de formaci\u00f3n y empleo presentaron sus trabajos financiados con fondos FEDER o Fondo Social Europeo, con el objetivo de [&hellip;]<\/p>\n","protected":false},"author":4,"featured_media":9796,"comment_status":"closed","ping_status":"closed","sticky":false,"template":"","format":"standard","meta":{"_acf_changed":false,"rs_blank_template":"","rs_page_bg_color":"","slide_template_v7":"","footnotes":""},"categories":[3219,1],"tags":[],"class_list":["post-9792","post","type-post","status-publish","format-standard","has-post-thumbnail","hentry","category-pfae-gj","category-sin-categoria"],"acf":[],"_links":{"self":[{"href":"https:\/\/femepa.org\/web\/wp-json\/wp\/v2\/posts\/9792","targetHints":{"allow":["GET"]}}],"collection":[{"href":"https:\/\/femepa.org\/web\/wp-json\/wp\/v2\/posts"}],"about":[{"href":"https:\/\/femepa.org\/web\/wp-json\/wp\/v2\/types\/post"}],"author":[{"embeddable":true,"href":"https:\/\/femepa.org\/web\/wp-json\/wp\/v2\/users\/4"}],"replies":[{"embeddable":true,"href":"https:\/\/femepa.org\/web\/wp-json\/wp\/v2\/comments?post=9792"}],"version-history":[{"count":1,"href":"https:\/\/femepa.org\/web\/wp-json\/wp\/v2\/posts\/9792\/revisions"}],"predecessor-version":[{"id":50030,"href":"https:\/\/femepa.org\/web\/wp-json\/wp\/v2\/posts\/9792\/revisions\/50030"}],"wp:featuredmedia":[{"embeddable":true,"href":"https:\/\/femepa.org\/web\/wp-json\/wp\/v2\/media\/9796"}],"wp:attachment":[{"href":"https:\/\/femepa.org\/web\/wp-json\/wp\/v2\/media?parent=9792"}],"wp:term":[{"taxonomy":"category","embeddable":true,"href":"https:\/\/femepa.org\/web\/wp-json\/wp\/v2\/categories?post=9792"},{"taxonomy":"post_tag","embeddable":true,"href":"https:\/\/femepa.org\/web\/wp-json\/wp\/v2\/tags?post=9792"}],"curies":[{"name":"wp","href":"https:\/\/api.w.org\/{rel}","templated":true}]}}