{"id":9798,"date":"2019-10-17T07:18:40","date_gmt":"2019-10-17T07:18:40","guid":{"rendered":"https:\/\/femepa.org\/web\/?p=9798"},"modified":"2019-10-17T07:18:40","modified_gmt":"2019-10-17T07:18:40","slug":"manuel-marrero-aemoto-queremos-que-vean-a-la-moto-como-un-elemento-que-forma-parte-de-la-movilidad-sostenible","status":"publish","type":"post","link":"https:\/\/femepa.org\/web\/manuel-marrero-aemoto-queremos-que-vean-a-la-moto-como-un-elemento-que-forma-parte-de-la-movilidad-sostenible\/","title":{"rendered":"Manuel Marrero (AEMOTO): \u201cQueremos que vean a la moto como un elemento que forma parte de la movilidad sostenible\u201d"},"content":{"rendered":"<p style=\"text-align: justify;\">El pasado 18 de julio, la Asociaci\u00f3n de Empresarios de la Moto de Las Palmas (AEMOTO) eleg\u00eda en Femepa a su nueva junta directiva, que quedaba encabezada por Manuel Marrero C\u00e1rdenes.<\/p>\n<p style=\"text-align: justify;\">Y lo primero que hac\u00eda el representante de la empresa Pole Position Canarias como presidente, era agradecer el gran trabajo realizado por su antecesor, Nacho Delgado: \u201cEn los cuatro a\u00f1os que \u00e9l ha estado, ha sido cuando m\u00e1s auge ha cogido esta asociaci\u00f3n. Es justo reconocer que ha logrado much\u00edsimas cosas y que, adem\u00e1s, sigue con nosotros, que no se ha desvinculado de un trabajo que se hace sin \u00e1nimo de lucro\u201d.<\/p>\n<p style=\"text-align: justify;\">En este sentido, Marrero reconoc\u00eda estar \u201cilusionado\u201d ante este reto, mostrando abiertamente su intenci\u00f3n de que \u201cAEMOTO siga creciendo y que se unan m\u00e1s empresas del sector\u201d, porque hay que recuperar a las que, \u201cpor un motivo u otro, se han ido, aunque para ello debemos darles algo a cambio\u201d.<\/p>\n<p style=\"text-align: justify;\">Adem\u00e1s, expresaba su deseo de que \u201cAEMOTO no sea s\u00f3lo la feria de la moto, sino que camine en el tema de la movilidad; queremos que los ayuntamientos, no s\u00f3lo el de Las Palmas de Gran Canaria, sino de otros municipios tambi\u00e9n, vean a la moto como un elemento que est\u00e1 y que realmente forma parte de la movilidad sostenible\u201d.<\/p>\n<p style=\"text-align: justify;\">Por otro lado, Marrero subrayaba la necesidad de \u201creactivar la mesa de la moto con el ayuntamiento capitalino y otros municipios, a trav\u00e9s de los concejales de movilidad\u201d, as\u00ed como aseguraba estar trabajando en varias propuestas como \u201cla ampliaci\u00f3n de plazas de aparcamiento para motos, estar presentes en eventos dedicados a la movilidad o protectores para las vallas antimoteros\u201d.<\/p>\n<p style=\"text-align: justify;\">Con respecto a las ventas, el presidente de AEMOTO se mostraba optimista, ya que \u201cla expectativa es buena y, sobre todo, teniendo en cuenta que vienen las navidades. Si logramos que el crecimiento de las ventas a final de a\u00f1o sea del 35%, ser\u00eda para estar muy contentos\u201d.<\/p>\n<p style=\"text-align: justify;\">Por \u00faltimo, hablaba de los eventos, afirmando \u201cestar preparando, junto a Femepa, el I Congreso de Movilidad Urbana\u201d con ponentes de mucho nivel, as\u00ed como se est\u00e1n proponiendo fechas para la celebraci\u00f3n de \u2018LPA Motown\u2019, que puede \u201ccambiar de ubicaci\u00f3n, ya que en el recinto ferial abaratar\u00edamos costes\u201d.<\/p>\n","protected":false},"excerpt":{"rendered":"<p>El pasado 18 de julio, la Asociaci\u00f3n de Empresarios de la Moto de Las Palmas (AEMOTO) eleg\u00eda en Femepa a su nueva junta directiva, que quedaba encabezada por Manuel Marrero C\u00e1rdenes. Y lo primero que hac\u00eda el representante de la empresa Pole Position Canarias como presidente, era agradecer el gran trabajo realizado por su antecesor, [&hellip;]<\/p>\n","protected":false},"author":4,"featured_media":9799,"comment_status":"closed","ping_status":"closed","sticky":false,"template":"","format":"standard","meta":{"_acf_changed":false,"rs_blank_template":"","rs_page_bg_color":"","slide_template_v7":"","footnotes":""},"categories":[1],"tags":[407,66,608,1085,68,1086],"class_list":["post-9798","post","type-post","status-publish","format-standard","has-post-thumbnail","hentry","category-sin-categoria","tag-aemoto","tag-las-palmas","tag-las-palmas-de-gran-canaria","tag-manuel-marrero","tag-moto","tag-nacho-delgado"],"acf":[],"_links":{"self":[{"href":"https:\/\/femepa.org\/web\/wp-json\/wp\/v2\/posts\/9798","targetHints":{"allow":["GET"]}}],"collection":[{"href":"https:\/\/femepa.org\/web\/wp-json\/wp\/v2\/posts"}],"about":[{"href":"https:\/\/femepa.org\/web\/wp-json\/wp\/v2\/types\/post"}],"author":[{"embeddable":true,"href":"https:\/\/femepa.org\/web\/wp-json\/wp\/v2\/users\/4"}],"replies":[{"embeddable":true,"href":"https:\/\/femepa.org\/web\/wp-json\/wp\/v2\/comments?post=9798"}],"version-history":[{"count":0,"href":"https:\/\/femepa.org\/web\/wp-json\/wp\/v2\/posts\/9798\/revisions"}],"wp:featuredmedia":[{"embeddable":true,"href":"https:\/\/femepa.org\/web\/wp-json\/wp\/v2\/media\/9799"}],"wp:attachment":[{"href":"https:\/\/femepa.org\/web\/wp-json\/wp\/v2\/media?parent=9798"}],"wp:term":[{"taxonomy":"category","embeddable":true,"href":"https:\/\/femepa.org\/web\/wp-json\/wp\/v2\/categories?post=9798"},{"taxonomy":"post_tag","embeddable":true,"href":"https:\/\/femepa.org\/web\/wp-json\/wp\/v2\/tags?post=9798"}],"curies":[{"name":"wp","href":"https:\/\/api.w.org\/{rel}","templated":true}]}}