{"id":9809,"date":"2019-10-21T19:11:27","date_gmt":"2019-10-21T19:11:27","guid":{"rendered":"https:\/\/femepa.org\/web\/?p=9809"},"modified":"2025-08-15T16:22:37","modified_gmt":"2025-08-15T15:22:37","slug":"el-secretario-general-de-femepa-felicita-a-los-ganadores-del-premio-europeo-de-buenas-practicas-2019","status":"publish","type":"post","link":"https:\/\/femepa.org\/web\/el-secretario-general-de-femepa-felicita-a-los-ganadores-del-premio-europeo-de-buenas-practicas-2019\/","title":{"rendered":"El secretario general de Femepa felicita a los ganadores del \u2018Premio Europeo de Buenas Pr\u00e1cticas 2019\u2019"},"content":{"rendered":"<p style=\"text-align: justify;\">El PFAE-GJ TELECOm de Femepa logr\u00f3 la semana pasada el \u201cPremio Europeo de Buenas Pr\u00e1cticas 2019\u201d, concedido por el Gobierno de Canarias, a trav\u00e9s de la Direcci\u00f3n General de Planificaci\u00f3n y Presupuestos.<\/p>\n<p style=\"text-align: justify;\">Por este motivo, el secretario general de Femepa, <strong>Juan Carlos Betancor<\/strong>, quiso dar la enhorabuena en persona a los miembros de este programa, a los que invit\u00f3 a un apetitoso desayuno: \u201cQuiero felicitarles por este premio, tanto a los docentes y responsables del programa, como al alumnado, ya que todos han colaborado para conseguirlo\u201d, empez\u00f3 diciendo, al tiempo que a\u00f1adi\u00f3: \u201cCuando salgan de aqu\u00ed, deber\u00e1n seguir form\u00e1ndose, pues han elegido una carrera que evoluciona constantemente\u201d.<\/p>\n<p style=\"text-align: justify;\">Finalmente, Betancor se acerc\u00f3 a cada uno de los integrantes de este PFAE (Programa de Formaci\u00f3n en Alternancia con el Empleo) para felicitarlos individualmente, as\u00ed como reconoci\u00f3 la gran labor realizada por la directora <strong>Vanessa Hern\u00e1ndez<\/strong>, la coordinadora <strong>Nayra Herrera<\/strong>, los docentes <strong>Daniel D\u00edaz<\/strong> e <strong>Iv\u00e1n \u00c1lvarez<\/strong>, y la administrativa <strong>Carmen Robledano<\/strong>.<\/p>\n<p>&nbsp;<\/p>\n<p><img fetchpriority=\"high\" decoding=\"async\" class=\"wp-image-9812 aligncenter\" src=\"https:\/\/femepa.org\/web\/wp-content\/uploads\/2019\/10\/Betancor-felicita-personalmente-por-el-premio-300x200.jpg\" alt=\"\" width=\"431\" height=\"293\" \/><\/p>\n","protected":false},"excerpt":{"rendered":"<p>El PFAE-GJ TELECOm de Femepa logr\u00f3 la semana pasada el \u201cPremio Europeo de Buenas Pr\u00e1cticas 2019\u201d, concedido por el Gobierno de Canarias, a trav\u00e9s de la Direcci\u00f3n General de Planificaci\u00f3n y Presupuestos. Por este motivo, el secretario general de Femepa, Juan Carlos Betancor, quiso dar la enhorabuena en persona a los miembros de este programa, [&hellip;]<\/p>\n","protected":false},"author":4,"featured_media":9825,"comment_status":"closed","ping_status":"closed","sticky":false,"template":"","format":"standard","meta":{"_acf_changed":false,"rs_blank_template":"","rs_page_bg_color":"","slide_template_v7":"","footnotes":""},"categories":[3219,1],"tags":[743,279,1089],"class_list":["post-9809","post","type-post","status-publish","format-standard","has-post-thumbnail","hentry","category-pfae-gj","category-sin-categoria","tag-juan-carlos-betancor","tag-pfae","tag-pfae-gj-telecom"],"acf":[],"_links":{"self":[{"href":"https:\/\/femepa.org\/web\/wp-json\/wp\/v2\/posts\/9809","targetHints":{"allow":["GET"]}}],"collection":[{"href":"https:\/\/femepa.org\/web\/wp-json\/wp\/v2\/posts"}],"about":[{"href":"https:\/\/femepa.org\/web\/wp-json\/wp\/v2\/types\/post"}],"author":[{"embeddable":true,"href":"https:\/\/femepa.org\/web\/wp-json\/wp\/v2\/users\/4"}],"replies":[{"embeddable":true,"href":"https:\/\/femepa.org\/web\/wp-json\/wp\/v2\/comments?post=9809"}],"version-history":[{"count":1,"href":"https:\/\/femepa.org\/web\/wp-json\/wp\/v2\/posts\/9809\/revisions"}],"predecessor-version":[{"id":50033,"href":"https:\/\/femepa.org\/web\/wp-json\/wp\/v2\/posts\/9809\/revisions\/50033"}],"wp:featuredmedia":[{"embeddable":true,"href":"https:\/\/femepa.org\/web\/wp-json\/wp\/v2\/media\/9825"}],"wp:attachment":[{"href":"https:\/\/femepa.org\/web\/wp-json\/wp\/v2\/media?parent=9809"}],"wp:term":[{"taxonomy":"category","embeddable":true,"href":"https:\/\/femepa.org\/web\/wp-json\/wp\/v2\/categories?post=9809"},{"taxonomy":"post_tag","embeddable":true,"href":"https:\/\/femepa.org\/web\/wp-json\/wp\/v2\/tags?post=9809"}],"curies":[{"name":"wp","href":"https:\/\/api.w.org\/{rel}","templated":true}]}}