{"id":9842,"date":"2019-10-23T17:03:34","date_gmt":"2019-10-23T17:03:34","guid":{"rendered":"https:\/\/femepa.org\/web\/?p=9842"},"modified":"2019-10-23T17:03:34","modified_gmt":"2019-10-23T17:03:34","slug":"femepa-participa-en-la-clausura-del-proyecto-confiafrica-en-tenerife","status":"publish","type":"post","link":"https:\/\/femepa.org\/web\/femepa-participa-en-la-clausura-del-proyecto-confiafrica-en-tenerife\/","title":{"rendered":"Femepa participa en la clausura del proyecto Confi\u00c1frica en Tenerife"},"content":{"rendered":"<p style=\"text-align: justify;\">Este mi\u00e9rcoles se ha celebrado en Femete la jornada de clausura del proyecto Confi\u00c1frica, en la que han participado todas las entidades canarias y africanas que han formado parte de esta iniciativa, que comenz\u00f3 en 2017.<\/p>\n<p style=\"text-align: justify;\">En este sentido, Femepa ha estado representada por su secretario general, <strong>Juan Carlos Betancor<\/strong>, y la responsable del departamento de Innovaci\u00f3n y RSC (Responsabilidad Social Corporativa), <strong>Irina Le\u00f3n<\/strong>.<\/p>\n<p style=\"text-align: justify;\">Betancor ha destacado en su intervenci\u00f3n que, gracias a este proyecto, \u201chemos promovido los intereses de las empresas asociadas a Femepa que negocian con \u00c1frica\u201d, al tiempo que ha a\u00f1adido: \u201cNos hemos empe\u00f1ado en que los negocios de all\u00ed sean cada vez m\u00e1s formales y se adapten lo m\u00e1s pronto posible a su normativa, al tiempo que velen por la formaci\u00f3n de sus trabajadores, tanto en lo que tiene que ver con su actividad, como en los aspectos transversales\u201d.<\/p>\n<p style=\"text-align: justify;\">Confi\u00c1frica es un proyecto de cooperaci\u00f3n internacional para pymes, cofinanciado al 85% por FEDER (programa de Cooperaci\u00f3n Territorial Interreg MAC 2014-2020), que\u00a0pretende potenciar las oportunidades de negocio entre pymes canarias y africanas, fomentando su cooperaci\u00f3n y colaboraci\u00f3n para emprender negocios juntos, accediendo a nuevos mercados a trav\u00e9s de alianzas estrat\u00e9gicas, exportaciones, inversiones o licitaciones por medio de consorcios.<\/p>\n","protected":false},"excerpt":{"rendered":"<p>Este mi\u00e9rcoles se ha celebrado en Femete la jornada de clausura del proyecto Confi\u00c1frica, en la que han participado todas las entidades canarias y africanas que han formado parte de esta iniciativa, que comenz\u00f3 en 2017. En este sentido, Femepa ha estado representada por su secretario general, Juan Carlos Betancor, y la responsable del departamento [&hellip;]<\/p>\n","protected":false},"author":4,"featured_media":9843,"comment_status":"closed","ping_status":"closed","sticky":false,"template":"","format":"standard","meta":{"_acf_changed":false,"rs_blank_template":"","rs_page_bg_color":"","slide_template_v7":"","footnotes":""},"categories":[1],"tags":[1097,915,310,320,1098,146],"class_list":["post-9842","post","type-post","status-publish","format-standard","has-post-thumbnail","hentry","category-sin-categoria","tag-africa","tag-confiafrica","tag-feder","tag-femete","tag-interreg-mac","tag-tenerife"],"acf":[],"_links":{"self":[{"href":"https:\/\/femepa.org\/web\/wp-json\/wp\/v2\/posts\/9842","targetHints":{"allow":["GET"]}}],"collection":[{"href":"https:\/\/femepa.org\/web\/wp-json\/wp\/v2\/posts"}],"about":[{"href":"https:\/\/femepa.org\/web\/wp-json\/wp\/v2\/types\/post"}],"author":[{"embeddable":true,"href":"https:\/\/femepa.org\/web\/wp-json\/wp\/v2\/users\/4"}],"replies":[{"embeddable":true,"href":"https:\/\/femepa.org\/web\/wp-json\/wp\/v2\/comments?post=9842"}],"version-history":[{"count":0,"href":"https:\/\/femepa.org\/web\/wp-json\/wp\/v2\/posts\/9842\/revisions"}],"wp:featuredmedia":[{"embeddable":true,"href":"https:\/\/femepa.org\/web\/wp-json\/wp\/v2\/media\/9843"}],"wp:attachment":[{"href":"https:\/\/femepa.org\/web\/wp-json\/wp\/v2\/media?parent=9842"}],"wp:term":[{"taxonomy":"category","embeddable":true,"href":"https:\/\/femepa.org\/web\/wp-json\/wp\/v2\/categories?post=9842"},{"taxonomy":"post_tag","embeddable":true,"href":"https:\/\/femepa.org\/web\/wp-json\/wp\/v2\/tags?post=9842"}],"curies":[{"name":"wp","href":"https:\/\/api.w.org\/{rel}","templated":true}]}}