{"id":9848,"date":"2019-10-24T17:33:05","date_gmt":"2019-10-24T17:33:05","guid":{"rendered":"https:\/\/femepa.org\/web\/?p=9848"},"modified":"2019-10-24T17:33:05","modified_gmt":"2019-10-24T17:33:05","slug":"exito-de-participacion-en-la-jornada-tecnica-alerta-frente-a-sustancias-peligrosas-celebrada-en-femepa","status":"publish","type":"post","link":"https:\/\/femepa.org\/web\/exito-de-participacion-en-la-jornada-tecnica-alerta-frente-a-sustancias-peligrosas-celebrada-en-femepa\/","title":{"rendered":"\u00c9xito de participaci\u00f3n en la \u2018Jornada T\u00e9cnica: Alerta frente a sustancias peligrosas\u2019 celebrada en Femepa"},"content":{"rendered":"<p style=\"text-align: justify;\">El presidente de Femepa, <strong>Vicente Marrero<\/strong>, se encargaba de dar la bienvenida este jueves a los asistentes a la \u2018Jornada T\u00e9cnica: Alerta frente a sustancias peligrosas\u2019, enmarcada en la Semana Europea para la Seguridad y la Salud en el Trabajo, y organizada conjuntamente por la oficina t\u00e9cnica de PRL (Prevenci\u00f3n de Riesgos Laborales) de Femepa e ICASEL (Instituto Canario de Seguridad Laboral) del Gobierno de Canarias, con la colaboraci\u00f3n de Asepeyo y Aspy, y la participaci\u00f3n del INSST (Instituto Nacional de Seguridad y Salud en el Trabajo) y Mieses Global.<\/p>\n<p><img fetchpriority=\"high\" decoding=\"async\" class=\"alignnone wp-image-9849 aligncenter\" src=\"https:\/\/femepa.org\/web\/wp-content\/uploads\/2019\/10\/48953039191_9440cc76df_c-300x200.jpg\" alt=\"\" width=\"608\" height=\"391\" \/><\/p>\n<p style=\"text-align: justify;\">El primero en participar era el Dr. <strong>Mart\u00edn Gonz\u00e1lez y Santiago<\/strong>, que, como experto nacional en Protecci\u00f3n de Infraestructuras Cr\u00edticas Hospitalarias, impart\u00eda la ponencia: \u201cSafety and Security en sustancias peligrosas: especial referencia a los qu\u00edmicos citost\u00e1ticos\u201d. A continuaci\u00f3n, tomaba el relevo el director de Grandes Empresas de ASEPEYO, <strong>Carles Mir\u00f3 Comellas<\/strong>, para hablar de \u201cLa empresa saludable\u201d. Y en tercer lugar, <strong>Alicia Huici Montagud<\/strong>, del INSST, se centraba en \u201cLas sustancias cancer\u00edgenas en los entornos de trabajo\u201d.<\/p>\n<p style=\"text-align: justify;\">Seguidamente, se celebraba la mesa-coloquio: \u201cExposici\u00f3n a agentes qu\u00edmicos. Visi\u00f3n empresarial\u201d, moderada por <strong>Manuel Bestrat\u00e9n<\/strong> y con la participaci\u00f3n de: <strong>Sabina Rodr\u00edguez Cabrera<\/strong>, de Internacional Paper; <strong>Ana Milagros Gonz\u00e1lez Fern\u00e1ndez<\/strong>, de Endesa; y <strong>Paula Bentacor Montesdeoca<\/strong>, de Maquinarias Ventura.<\/p>\n<p style=\"text-align: justify;\">Por \u00faltimo, la jornada se cerraba con un merecido homenaje por parte de Femepa al cofundador y presidente del Movimiento Internacional Mieses Global, <strong>Manuel Bestrat\u00e9n<\/strong>, en reconocimiento a su compromiso y pasi\u00f3n por implantar servicios preventivos eficaces en las organizaciones para generar una cultura de la excelencia, y tambi\u00e9n por el apoyo incondicional que siempre ha brindado a esta federaci\u00f3n.<\/p>\n<p>&nbsp;<\/p>\n<h1 style=\"text-align: center;\"><a href=\"https:\/\/www.flickr.com\/photos\/183138392@N05\/albums\/72157711478308338\" target=\"_blank\" rel=\"noopener noreferrer\"><strong>GALER\u00cdA FOTOGR\u00c1FICA<\/strong><\/a><\/h1>\n<p>&nbsp;<\/p>\n","protected":false},"excerpt":{"rendered":"<p>El presidente de Femepa, Vicente Marrero, se encargaba de dar la bienvenida este jueves a los asistentes a la \u2018Jornada T\u00e9cnica: Alerta frente a sustancias peligrosas\u2019, enmarcada en la Semana Europea para la Seguridad y la Salud en el Trabajo, y organizada conjuntamente por la oficina t\u00e9cnica de PRL (Prevenci\u00f3n de Riesgos Laborales) de Femepa [&hellip;]<\/p>\n","protected":false},"author":4,"featured_media":9850,"comment_status":"closed","ping_status":"closed","sticky":false,"template":"","format":"standard","meta":{"_acf_changed":false,"rs_blank_template":"","rs_page_bg_color":"","slide_template_v7":"","footnotes":""},"categories":[1],"tags":[1067,1069,1070,1099,1071,64,1072,1073,1074,1076,1077,501,137],"class_list":["post-9848","post","type-post","status-publish","format-standard","has-post-thumbnail","hentry","category-sin-categoria","tag-alicia-huici-montagud","tag-asepeyo","tag-carles-miro-comellas","tag-dr-martin-gonzalez-y-santiago","tag-endesa","tag-femepa","tag-icasel","tag-insst","tag-internacional-paper","tag-manuel-bestraten","tag-maquinarias-ventura","tag-prl","tag-vicente-marrero"],"acf":[],"_links":{"self":[{"href":"https:\/\/femepa.org\/web\/wp-json\/wp\/v2\/posts\/9848","targetHints":{"allow":["GET"]}}],"collection":[{"href":"https:\/\/femepa.org\/web\/wp-json\/wp\/v2\/posts"}],"about":[{"href":"https:\/\/femepa.org\/web\/wp-json\/wp\/v2\/types\/post"}],"author":[{"embeddable":true,"href":"https:\/\/femepa.org\/web\/wp-json\/wp\/v2\/users\/4"}],"replies":[{"embeddable":true,"href":"https:\/\/femepa.org\/web\/wp-json\/wp\/v2\/comments?post=9848"}],"version-history":[{"count":0,"href":"https:\/\/femepa.org\/web\/wp-json\/wp\/v2\/posts\/9848\/revisions"}],"wp:featuredmedia":[{"embeddable":true,"href":"https:\/\/femepa.org\/web\/wp-json\/wp\/v2\/media\/9850"}],"wp:attachment":[{"href":"https:\/\/femepa.org\/web\/wp-json\/wp\/v2\/media?parent=9848"}],"wp:term":[{"taxonomy":"category","embeddable":true,"href":"https:\/\/femepa.org\/web\/wp-json\/wp\/v2\/categories?post=9848"},{"taxonomy":"post_tag","embeddable":true,"href":"https:\/\/femepa.org\/web\/wp-json\/wp\/v2\/tags?post=9848"}],"curies":[{"name":"wp","href":"https:\/\/api.w.org\/{rel}","templated":true}]}}