{"id":9903,"date":"2019-11-01T11:53:41","date_gmt":"2019-11-01T11:53:41","guid":{"rendered":"https:\/\/femepa.org\/web\/?p=9903"},"modified":"2019-11-01T11:53:41","modified_gmt":"2019-11-01T11:53:41","slug":"jornadas-sobre-la-implantacion-en-canarias-del-segundo-dividendo-digital-de-aielpa-este-martes-en-femepa","status":"publish","type":"post","link":"https:\/\/femepa.org\/web\/jornadas-sobre-la-implantacion-en-canarias-del-segundo-dividendo-digital-de-aielpa-este-martes-en-femepa\/","title":{"rendered":"\u201cJornadas sobre la implantaci\u00f3n en Canarias del segundo dividendo digital\u201d de Aielpa, este martes en Femepa"},"content":{"rendered":"<p style=\"text-align: justify;\">La implantaci\u00f3n del II Dividendo Digital en Canarias es inminente. Por este motivo, la Asociaci\u00f3n Provincial de Industriales de Electricidad y Telecomunicaciones de Las Palmas (AIELPA) ha organizado unas jornadas t\u00e9cnicas, que se celebrar\u00e1n el 5 de noviembre en Femepa (18:00 horas), con la intenci\u00f3n de explicar en qu\u00e9 consiste esta implantaci\u00f3n, sus objetivos, a qui\u00e9n afecta, la documentaci\u00f3n t\u00e9cnica a aportar y las ayudas econ\u00f3micas previstas por parte del Gobierno hacia las comunidades.<\/p>\n<p style=\"text-align: justify;\">No obstante, esta imposici\u00f3n supondr\u00e1 un cambio de frecuencias que afectar\u00e1 a las instalaciones colectivas de televisi\u00f3n de los 88 municipios de Canarias, disponi\u00e9ndose s\u00f3lo de un plazo de seis meses para su adaptaci\u00f3n.<\/p>\n<p style=\"text-align: justify;\">Estas jornadas ser\u00e1n impartidas, por las empresas NOVELEC y TELEVES, el pr\u00f3ximo martes 5 de noviembre, a partir de las 18:00 horas, en la sede central de Femepa, en la calle Le\u00f3n y Castillo, 89 \u2013 4\u00ba Planta.<\/p>\n<p style=\"text-align: justify;\">La entrada es gratuita, pero se requiere inscripci\u00f3n previa por aforo limitado. En el caso de estar interesado\/a, debe ponerse en contacto con D\u00f1a. Mar\u00eda Eugenia Artiles, en el correo electr\u00f3nico maria.artiles@femepa.es o en el tel\u00e9fono 928 296 161 ext. 563.<\/p>\n<p style=\"text-align: justify;\">\n","protected":false},"excerpt":{"rendered":"<p>La implantaci\u00f3n del II Dividendo Digital en Canarias es inminente. Por este motivo, la Asociaci\u00f3n Provincial de Industriales de Electricidad y Telecomunicaciones de Las Palmas (AIELPA) ha organizado unas jornadas t\u00e9cnicas, que se celebrar\u00e1n el 5 de noviembre en Femepa (18:00 horas), con la intenci\u00f3n de explicar en qu\u00e9 consiste esta implantaci\u00f3n, sus objetivos, a [&hellip;]<\/p>\n","protected":false},"author":4,"featured_media":9904,"comment_status":"closed","ping_status":"closed","sticky":false,"template":"","format":"standard","meta":{"_acf_changed":false,"rs_blank_template":"","rs_page_bg_color":"","slide_template_v7":"","footnotes":""},"categories":[1],"tags":[125,64,1120,867,1121],"class_list":["post-9903","post","type-post","status-publish","format-standard","has-post-thumbnail","hentry","category-sin-categoria","tag-aielpa","tag-femepa","tag-ii-dividendo-digital","tag-novelec","tag-televes"],"acf":[],"_links":{"self":[{"href":"https:\/\/femepa.org\/web\/wp-json\/wp\/v2\/posts\/9903","targetHints":{"allow":["GET"]}}],"collection":[{"href":"https:\/\/femepa.org\/web\/wp-json\/wp\/v2\/posts"}],"about":[{"href":"https:\/\/femepa.org\/web\/wp-json\/wp\/v2\/types\/post"}],"author":[{"embeddable":true,"href":"https:\/\/femepa.org\/web\/wp-json\/wp\/v2\/users\/4"}],"replies":[{"embeddable":true,"href":"https:\/\/femepa.org\/web\/wp-json\/wp\/v2\/comments?post=9903"}],"version-history":[{"count":0,"href":"https:\/\/femepa.org\/web\/wp-json\/wp\/v2\/posts\/9903\/revisions"}],"wp:featuredmedia":[{"embeddable":true,"href":"https:\/\/femepa.org\/web\/wp-json\/wp\/v2\/media\/9904"}],"wp:attachment":[{"href":"https:\/\/femepa.org\/web\/wp-json\/wp\/v2\/media?parent=9903"}],"wp:term":[{"taxonomy":"category","embeddable":true,"href":"https:\/\/femepa.org\/web\/wp-json\/wp\/v2\/categories?post=9903"},{"taxonomy":"post_tag","embeddable":true,"href":"https:\/\/femepa.org\/web\/wp-json\/wp\/v2\/tags?post=9903"}],"curies":[{"name":"wp","href":"https:\/\/api.w.org\/{rel}","templated":true}]}}