{"id":9948,"date":"2019-11-14T17:52:10","date_gmt":"2019-11-14T17:52:10","guid":{"rendered":"https:\/\/femepa.org\/web\/?p=9948"},"modified":"2019-11-14T17:52:10","modified_gmt":"2019-11-14T17:52:10","slug":"femepa-firma-un-acuerdo-de-colaboracion-con-the-hotel-centro-de-negocios-fataga","status":"publish","type":"post","link":"https:\/\/femepa.org\/web\/femepa-firma-un-acuerdo-de-colaboracion-con-the-hotel-centro-de-negocios-fataga\/","title":{"rendered":"Femepa firma un acuerdo de colaboraci\u00f3n con THe Hotel &#038; Centro de Negocios Fataga"},"content":{"rendered":"<p style=\"text-align: justify;\">El secretario general de Femepa, <strong>Juan Carlos Betancor<\/strong>, y la directora de THe Hotel &amp; Centro de Negocios Fataga, <strong>Esther Echave Vega<\/strong>, han firmado este mi\u00e9rcoles un acuerdo de colaboraci\u00f3n, a trav\u00e9s del cual se aplicar\u00e1 un descuento en las reservas efectuadas por las empresas asociadas a la federaci\u00f3n.<\/p>\n<p style=\"text-align: justify;\">De la misma forma, los empleados de Femepa tambi\u00e9n podr\u00e1n beneficiarse de estos precios, as\u00ed como Fataga podr\u00e1 establecer condiciones y tarifas m\u00e1s ventajosas en los casos de reservas grupales (m\u00e1s de 10 habitaciones).<\/p>\n","protected":false},"excerpt":{"rendered":"<p>El secretario general de Femepa, Juan Carlos Betancor, y la directora de THe Hotel &amp; Centro de Negocios Fataga, Esther Echave Vega, han firmado este mi\u00e9rcoles un acuerdo de colaboraci\u00f3n, a trav\u00e9s del cual se aplicar\u00e1 un descuento en las reservas efectuadas por las empresas asociadas a la federaci\u00f3n. De la misma forma, los empleados [&hellip;]<\/p>\n","protected":false},"author":4,"featured_media":9949,"comment_status":"closed","ping_status":"closed","sticky":false,"template":"","format":"standard","meta":{"_acf_changed":false,"rs_blank_template":"","rs_page_bg_color":"","slide_template_v7":"","footnotes":""},"categories":[1],"tags":[1147,64,743,1148],"class_list":["post-9948","post","type-post","status-publish","format-standard","has-post-thumbnail","hentry","category-sin-categoria","tag-esther-echave-vega","tag-femepa","tag-juan-carlos-betancor","tag-the-hotel-centro-de-negocios-fataga"],"acf":[],"_links":{"self":[{"href":"https:\/\/femepa.org\/web\/wp-json\/wp\/v2\/posts\/9948","targetHints":{"allow":["GET"]}}],"collection":[{"href":"https:\/\/femepa.org\/web\/wp-json\/wp\/v2\/posts"}],"about":[{"href":"https:\/\/femepa.org\/web\/wp-json\/wp\/v2\/types\/post"}],"author":[{"embeddable":true,"href":"https:\/\/femepa.org\/web\/wp-json\/wp\/v2\/users\/4"}],"replies":[{"embeddable":true,"href":"https:\/\/femepa.org\/web\/wp-json\/wp\/v2\/comments?post=9948"}],"version-history":[{"count":0,"href":"https:\/\/femepa.org\/web\/wp-json\/wp\/v2\/posts\/9948\/revisions"}],"wp:featuredmedia":[{"embeddable":true,"href":"https:\/\/femepa.org\/web\/wp-json\/wp\/v2\/media\/9949"}],"wp:attachment":[{"href":"https:\/\/femepa.org\/web\/wp-json\/wp\/v2\/media?parent=9948"}],"wp:term":[{"taxonomy":"category","embeddable":true,"href":"https:\/\/femepa.org\/web\/wp-json\/wp\/v2\/categories?post=9948"},{"taxonomy":"post_tag","embeddable":true,"href":"https:\/\/femepa.org\/web\/wp-json\/wp\/v2\/tags?post=9948"}],"curies":[{"name":"wp","href":"https:\/\/api.w.org\/{rel}","templated":true}]}}